{"id":16515,"date":"2022-08-23T16:07:21","date_gmt":"2022-08-23T16:07:21","guid":{"rendered":"https:\/\/garrett.pt\/?p=16515"},"modified":"2026-02-27T17:12:39","modified_gmt":"2026-02-27T17:12:39","slug":"espaco-bento-martins-junta-de-freguesia-de-carnide","status":"publish","type":"post","link":"https:\/\/garrett.pt\/en\/espaco-bento-martins-junta-de-freguesia-de-carnide\/","title":{"rendered":"Bento Martins Space, Parish Council of Carnide"},"content":{"rendered":"<div id=\"pl-16515\"  class=\"panel-layout\" ><div id=\"pg-16515-0\"  class=\"panel-grid panel-no-style\" ><div id=\"pgc-16515-0-0\"  class=\"panel-grid-cell\" ><div id=\"panel-16515-0-0-0\" class=\"so-panel widget widget_sow-editor panel-first-child panel-last-child\" data-index=\"0\" ><div\n\t\t\t\n\t\t\tclass=\"so-widget-sow-editor so-widget-sow-editor-base\"\n\t\t\t\n\t\t>\n<div class=\"siteorigin-widget-tinymce textwidget\">\n\t<h1><strong>2022 - Espa\u00e7o Bento Martins, Carnide - Audiovisual System<\/strong><\/h1>\n<h5 style=\"text-align: left;\"><\/h5>\n<h5>Garrett Audiovisuais participated in the requalification of Espa\u00e7o Bento Martins, managed by the Parish Council of Carnide (Lisbon), where it developed and installed an ambient sound, lighting and video projection system. This is a space destined to host exhibitions, colloquia, conferences, shows and other cultural events.<\/h5>\n<h5>The space was sounded with the RCF DU series wall speakers, powered by an amplifier of the same brand. For the stage, the sound was reinforced with the active sub+speaker system RCF EVOX 5, controlled by the 12-channel mixer RCF F12R.<\/h5>\n<h5>Behind the stage curtains is a Euroscreen LOKE motorized video projection screen, working together with a professional NEC video projector.<\/h5>\n<h5>The Chauvet DJ EVE LED projectors, installed on a Global Truss, illuminate the stage and are controlled by a Chauvet DJ Obey lighting control table.<\/h5>\n<h5>Other brands like Beyerdynamic, QuikLok or Amphenol were also used in this project.<\/h5>\n<p>Follow the Bento Martins space at <a href=\"https:\/\/www.facebook.com\/jfcbentomartins\" target=\"_blank\" rel=\"noopener\">https:\/\/www.facebook.com\/jfcbentomartins<\/a><\/p>\n<\/div>\n<\/div><\/div><\/div><\/div><div id=\"pg-16515-1\"  class=\"panel-grid panel-no-style\" ><div id=\"pgc-16515-1-0\"  class=\"panel-grid-cell\" ><div id=\"panel-16515-1-0-0\" class=\"so-panel widget widget_sow-headline panel-first-child panel-last-child\" data-index=\"1\" ><div\n\t\t\t\n\t\t\tclass=\"so-widget-sow-headline so-widget-sow-headline-default-54d74f83306c-16515\"\n\t\t\t\n\t\t><div class=\"sow-headline-container\">\n\t\t\t\t\t\t<div class=\"decoration\">\n\t\t\t\t\t\t<div class=\"decoration-inside\"><\/div>\n\t\t\t\t\t<\/div>\n\t\t\t\t\t\t\t\t\t\t\t<h2 class=\"sow-headline\">\n\t\t\t\t\t\tSome Equipment Used in this Project\t\t\t\t\t\t<\/h2>\n\t\t\t\t\t\t\t\t\t\t\t\t<h5 class=\"sow-sub-headline\">\n\t\t\t\t\t\tClick on the images for more information\t\t\t\t\t\t<\/h5>\n\t\t\t\t\t\t<\/div>\n<\/div><\/div><\/div><\/div><div id=\"pg-16515-2\"  class=\"panel-grid panel-has-style\" ><div class=\"panel-row-style panel-row-style-for-16515-2\" ><div id=\"pgc-16515-2-0\"  class=\"panel-grid-cell\" ><div id=\"panel-16515-2-0-0\" class=\"so-panel widget widget_sow-image panel-first-child panel-last-child\" data-index=\"2\" ><div\n\t\t\t\n\t\t\tclass=\"so-widget-sow-image so-widget-sow-image-default-334eeca80698-16515\"\n\t\t\t\n\t\t>\n<div class=\"sow-image-container\">\n\t\t\t<a href=\"https:\/\/www.chauvetdj.com\/products\/eve-p-160-rgbw\/\"\n\t\t\ttarget=\"_blank\" rel=\"noopener noreferrer\" \t\t>\n\t\t\t<img \n\tsrc=\"https:\/\/garrett.pt\/wp-content\/uploads\/2022\/06\/EVE_P-160_RGBW.png\" width=\"500\" height=\"500\" srcset=\"https:\/\/garrett.pt\/wp-content\/uploads\/2022\/06\/EVE_P-160_RGBW.png 500w, https:\/\/garrett.pt\/wp-content\/uploads\/2022\/06\/EVE_P-160_RGBW-150x150.png 150w, https:\/\/garrett.pt\/wp-content\/uploads\/2022\/06\/EVE_P-160_RGBW-12x12.png 12w, https:\/\/garrett.pt\/wp-content\/uploads\/2022\/06\/EVE_P-160_RGBW-24x24.png 24w, https:\/\/garrett.pt\/wp-content\/uploads\/2022\/06\/EVE_P-160_RGBW-36x36.png 36w, https:\/\/garrett.pt\/wp-content\/uploads\/2022\/06\/EVE_P-160_RGBW-48x48.png 48w, https:\/\/garrett.pt\/wp-content\/uploads\/2022\/06\/EVE_P-160_RGBW-300x300.png 300w, https:\/\/garrett.pt\/wp-content\/uploads\/2022\/06\/EVE_P-160_RGBW-100x100.png 100w\" sizes=\"(max-width: 500px) 100vw, 500px\" title=\"Chauvet DJ EVE P-160 RGBW\" alt=\"Chauvet DJ EVE P-160 RGBW\" \t\tclass=\"so-widget-image\"\/>\n\t\t\t<\/a><\/div>\n\n<h3 class=\"widget-title\">Chauvet DJ EVE P-160 RGBW<\/h3><\/div><\/div><\/div><div id=\"pgc-16515-2-1\"  class=\"panel-grid-cell\" ><div id=\"panel-16515-2-1-0\" class=\"so-panel widget widget_sow-image panel-first-child panel-last-child\" data-index=\"3\" ><div\n\t\t\t\n\t\t\tclass=\"so-widget-sow-image so-widget-sow-image-default-334eeca80698-16515\"\n\t\t\t\n\t\t>\n<div class=\"sow-image-container\">\n\t\t\t<a href=\"https:\/\/www.chauvetdj.com\/products\/eve-f-50z\/\"\n\t\t\ttarget=\"_blank\" rel=\"noopener noreferrer\" \t\t>\n\t\t\t<img \n\tsrc=\"https:\/\/garrett.pt\/wp-content\/uploads\/2022\/06\/EVE_F-50Z.png\" width=\"500\" height=\"500\" srcset=\"https:\/\/garrett.pt\/wp-content\/uploads\/2022\/06\/EVE_F-50Z.png 500w, https:\/\/garrett.pt\/wp-content\/uploads\/2022\/06\/EVE_F-50Z-150x150.png 150w, https:\/\/garrett.pt\/wp-content\/uploads\/2022\/06\/EVE_F-50Z-12x12.png 12w, https:\/\/garrett.pt\/wp-content\/uploads\/2022\/06\/EVE_F-50Z-24x24.png 24w, https:\/\/garrett.pt\/wp-content\/uploads\/2022\/06\/EVE_F-50Z-36x36.png 36w, https:\/\/garrett.pt\/wp-content\/uploads\/2022\/06\/EVE_F-50Z-48x48.png 48w, https:\/\/garrett.pt\/wp-content\/uploads\/2022\/06\/EVE_F-50Z-300x300.png 300w, https:\/\/garrett.pt\/wp-content\/uploads\/2022\/06\/EVE_F-50Z-100x100.png 100w\" sizes=\"(max-width: 500px) 100vw, 500px\" title=\"Chauvet DJ EVE F-50Z\" alt=\"Chauvet DJ EVE F-50Z\" \t\tclass=\"so-widget-image\"\/>\n\t\t\t<\/a><\/div>\n\n<h3 class=\"widget-title\">Chauvet DJ EVE F-50Z<\/h3><\/div><\/div><\/div><div id=\"pgc-16515-2-2\"  class=\"panel-grid-cell\" ><div id=\"panel-16515-2-2-0\" class=\"so-panel widget widget_sow-image panel-first-child panel-last-child\" data-index=\"4\" ><div\n\t\t\t\n\t\t\tclass=\"so-widget-sow-image so-widget-sow-image-default-334eeca80698-16515\"\n\t\t\t\n\t\t>\n<div class=\"sow-image-container\">\n\t\t\t<a href=\"https:\/\/www.chauvetdj.com\/products\/obey-70\/\"\n\t\t\ttarget=\"_blank\" rel=\"noopener noreferrer\" \t\t>\n\t\t\t<img \n\tsrc=\"https:\/\/garrett.pt\/wp-content\/uploads\/2022\/06\/Obey_70.png\" width=\"500\" height=\"500\" srcset=\"https:\/\/garrett.pt\/wp-content\/uploads\/2022\/06\/Obey_70.png 500w, https:\/\/garrett.pt\/wp-content\/uploads\/2022\/06\/Obey_70-150x150.png 150w, https:\/\/garrett.pt\/wp-content\/uploads\/2022\/06\/Obey_70-12x12.png 12w, https:\/\/garrett.pt\/wp-content\/uploads\/2022\/06\/Obey_70-24x24.png 24w, https:\/\/garrett.pt\/wp-content\/uploads\/2022\/06\/Obey_70-36x36.png 36w, https:\/\/garrett.pt\/wp-content\/uploads\/2022\/06\/Obey_70-48x48.png 48w, https:\/\/garrett.pt\/wp-content\/uploads\/2022\/06\/Obey_70-300x300.png 300w, https:\/\/garrett.pt\/wp-content\/uploads\/2022\/06\/Obey_70-100x100.png 100w\" sizes=\"(max-width: 500px) 100vw, 500px\" title=\"Chauvet DJ Obey 70\" alt=\"Chauvet Obey 70\" \t\tclass=\"so-widget-image\"\/>\n\t\t\t<\/a><\/div>\n\n<h3 class=\"widget-title\">Chauvet DJ Obey 70<\/h3><\/div><\/div><\/div><\/div><\/div><div id=\"pg-16515-3\"  class=\"panel-grid panel-has-style\" ><div class=\"panel-row-style panel-row-style-for-16515-3\" ><div id=\"pgc-16515-3-0\"  class=\"panel-grid-cell\" ><div id=\"panel-16515-3-0-0\" class=\"so-panel widget widget_sow-image panel-first-child panel-last-child\" data-index=\"5\" ><div\n\t\t\t\n\t\t\tclass=\"so-widget-sow-image so-widget-sow-image-default-334eeca80698-16515\"\n\t\t\t\n\t\t>\n<div class=\"sow-image-container\">\n\t\t\t<a href=\"https:\/\/www.euroscreens.se\/home-3\/products-2\/grupp\/elec.aspx\"\n\t\t\ttarget=\"_blank\" rel=\"noopener noreferrer\" \t\t>\n\t\t\t<img \n\tsrc=\"https:\/\/garrett.pt\/wp-content\/uploads\/2022\/06\/loke.png\" width=\"500\" height=\"500\" srcset=\"https:\/\/garrett.pt\/wp-content\/uploads\/2022\/06\/loke.png 500w, https:\/\/garrett.pt\/wp-content\/uploads\/2022\/06\/loke-150x150.png 150w, https:\/\/garrett.pt\/wp-content\/uploads\/2022\/06\/loke-12x12.png 12w, https:\/\/garrett.pt\/wp-content\/uploads\/2022\/06\/loke-24x24.png 24w, https:\/\/garrett.pt\/wp-content\/uploads\/2022\/06\/loke-36x36.png 36w, https:\/\/garrett.pt\/wp-content\/uploads\/2022\/06\/loke-48x48.png 48w, https:\/\/garrett.pt\/wp-content\/uploads\/2022\/06\/loke-300x300.png 300w, https:\/\/garrett.pt\/wp-content\/uploads\/2022\/06\/loke-100x100.png 100w\" sizes=\"(max-width: 500px) 100vw, 500px\" title=\"Euroscreen LOKE Electric Screen\" alt=\"Euroscreen LOKE Electric Screen\" \t\tclass=\"so-widget-image\"\/>\n\t\t\t<\/a><\/div>\n\n<h3 class=\"widget-title\">Euroscreen LOKE Electric Screen<\/h3><\/div><\/div><\/div><div id=\"pgc-16515-3-1\"  class=\"panel-grid-cell\" ><div id=\"panel-16515-3-1-0\" class=\"so-panel widget widget_sow-image panel-first-child panel-last-child\" data-index=\"6\" ><div\n\t\t\t\n\t\t\tclass=\"so-widget-sow-image so-widget-sow-image-default-334eeca80698-16515\"\n\t\t\t\n\t\t>\n<div class=\"sow-image-container\">\n\t\t\t<a href=\"https:\/\/www.rcf.it\/en\/products\/product-detail\/f-12xr\"\n\t\t\ttarget=\"_blank\" rel=\"noopener noreferrer\" \t\t>\n\t\t\t<img \n\tsrc=\"https:\/\/garrett.pt\/wp-content\/uploads\/2022\/06\/f12r.png\" width=\"500\" height=\"500\" srcset=\"https:\/\/garrett.pt\/wp-content\/uploads\/2022\/06\/f12r.png 500w, https:\/\/garrett.pt\/wp-content\/uploads\/2022\/06\/f12r-150x150.png 150w, https:\/\/garrett.pt\/wp-content\/uploads\/2022\/06\/f12r-12x12.png 12w, https:\/\/garrett.pt\/wp-content\/uploads\/2022\/06\/f12r-24x24.png 24w, https:\/\/garrett.pt\/wp-content\/uploads\/2022\/06\/f12r-36x36.png 36w, https:\/\/garrett.pt\/wp-content\/uploads\/2022\/06\/f12r-48x48.png 48w, https:\/\/garrett.pt\/wp-content\/uploads\/2022\/06\/f12r-300x300.png 300w, https:\/\/garrett.pt\/wp-content\/uploads\/2022\/06\/f12r-100x100.png 100w\" sizes=\"(max-width: 500px) 100vw, 500px\" title=\"RCF F 12XR 12-CHANNEL MIXING CONSOLE \" alt=\"RCF F 12XR 12-CHANNEL MIXING CONSOLE \" \t\tclass=\"so-widget-image\"\/>\n\t\t\t<\/a><\/div>\n\n<h3 class=\"widget-title\">RCF F 12XR 12-CHANNEL MIXING CONSOLE <\/h3><\/div><\/div><\/div><div id=\"pgc-16515-3-2\"  class=\"panel-grid-cell\" ><div id=\"panel-16515-3-2-0\" class=\"so-panel widget widget_sow-image panel-first-child panel-last-child\" data-index=\"7\" ><div\n\t\t\t\n\t\t\tclass=\"so-widget-sow-image so-widget-sow-image-default-334eeca80698-16515\"\n\t\t\t\n\t\t>\n<div class=\"sow-image-container\">\n\t\t\t<a href=\"https:\/\/www.rcf.it\/en\/products\/product-detail\/evox-5\"\n\t\t\ttarget=\"_blank\" rel=\"noopener noreferrer\" \t\t>\n\t\t\t<img \n\tsrc=\"https:\/\/garrett.pt\/wp-content\/uploads\/2022\/06\/evox_5.png\" width=\"500\" height=\"500\" srcset=\"https:\/\/garrett.pt\/wp-content\/uploads\/2022\/06\/evox_5.png 500w, https:\/\/garrett.pt\/wp-content\/uploads\/2022\/06\/evox_5-150x150.png 150w, https:\/\/garrett.pt\/wp-content\/uploads\/2022\/06\/evox_5-12x12.png 12w, https:\/\/garrett.pt\/wp-content\/uploads\/2022\/06\/evox_5-24x24.png 24w, https:\/\/garrett.pt\/wp-content\/uploads\/2022\/06\/evox_5-36x36.png 36w, https:\/\/garrett.pt\/wp-content\/uploads\/2022\/06\/evox_5-48x48.png 48w, https:\/\/garrett.pt\/wp-content\/uploads\/2022\/06\/evox_5-300x300.png 300w, https:\/\/garrett.pt\/wp-content\/uploads\/2022\/06\/evox_5-100x100.png 100w\" sizes=\"(max-width: 500px) 100vw, 500px\" title=\"RCF EVOX 5 ACTIVE TWO-WAY ARRAY\" alt=\"RCF EVOX 5 ACTIVE TWO-WAY ARRAY\" \t\tclass=\"so-widget-image\"\/>\n\t\t\t<\/a><\/div>\n\n<h3 class=\"widget-title\">RCF EVOX 5 ACTIVE TWO-WAY ARRAY<\/h3><\/div><\/div><\/div><\/div><\/div><div id=\"pg-16515-4\"  class=\"panel-grid panel-has-style\" ><div class=\"panel-row-style panel-row-style-for-16515-4\" ><div id=\"pgc-16515-4-0\"  class=\"panel-grid-cell\" ><div id=\"panel-16515-4-0-0\" class=\"so-panel widget widget_sow-image panel-first-child panel-last-child\" data-index=\"8\" ><div\n\t\t\t\n\t\t\tclass=\"so-widget-sow-image so-widget-sow-image-default-334eeca80698-16515\"\n\t\t\t\n\t\t>\n<div class=\"sow-image-container\">\n\t\t\t<a href=\"https:\/\/www.rcf.it\/en\/products\/product-detail\/du-100x\"\n\t\t\ttarget=\"_blank\" rel=\"noopener noreferrer\" \t\t>\n\t\t\t<img \n\tsrc=\"https:\/\/garrett.pt\/wp-content\/uploads\/2022\/06\/du_100.png\" width=\"500\" height=\"500\" srcset=\"https:\/\/garrett.pt\/wp-content\/uploads\/2022\/06\/du_100.png 500w, https:\/\/garrett.pt\/wp-content\/uploads\/2022\/06\/du_100-150x150.png 150w, https:\/\/garrett.pt\/wp-content\/uploads\/2022\/06\/du_100-12x12.png 12w, https:\/\/garrett.pt\/wp-content\/uploads\/2022\/06\/du_100-24x24.png 24w, https:\/\/garrett.pt\/wp-content\/uploads\/2022\/06\/du_100-36x36.png 36w, https:\/\/garrett.pt\/wp-content\/uploads\/2022\/06\/du_100-48x48.png 48w, https:\/\/garrett.pt\/wp-content\/uploads\/2022\/06\/du_100-300x300.png 300w, https:\/\/garrett.pt\/wp-content\/uploads\/2022\/06\/du_100-100x100.png 100w\" sizes=\"(max-width: 500px) 100vw, 500px\" title=\"RCF DU 100X CEILING OR WALL SURFACE MOUNTED\" alt=\"RCF DU 100X CEILING OR WALL SURFACE MOUNTED\" \t\tclass=\"so-widget-image\"\/>\n\t\t\t<\/a><\/div>\n\n<h3 class=\"widget-title\">RCF DU 100X CEILING OR WALL SURFACE MOUNTED<\/h3><\/div><\/div><\/div><div id=\"pgc-16515-4-1\"  class=\"panel-grid-cell panel-grid-cell-mobile-last\" ><div id=\"panel-16515-4-1-0\" class=\"so-panel widget widget_sow-image panel-first-child panel-last-child\" data-index=\"9\" ><div\n\t\t\t\n\t\t\tclass=\"so-widget-sow-image so-widget-sow-image-default-334eeca80698-16515\"\n\t\t\t\n\t\t>\n<div class=\"sow-image-container\">\n\t\t\t<a href=\"https:\/\/www.rcf.it\/en\/products\/product-detail\/am-1064\"\n\t\t\ttarget=\"_blank\" rel=\"noopener noreferrer\" \t\t>\n\t\t\t<img \n\tsrc=\"https:\/\/garrett.pt\/wp-content\/uploads\/2022\/06\/am_.png\" width=\"500\" height=\"500\" srcset=\"https:\/\/garrett.pt\/wp-content\/uploads\/2022\/06\/am_.png 500w, https:\/\/garrett.pt\/wp-content\/uploads\/2022\/06\/am_-150x150.png 150w, https:\/\/garrett.pt\/wp-content\/uploads\/2022\/06\/am_-12x12.png 12w, https:\/\/garrett.pt\/wp-content\/uploads\/2022\/06\/am_-24x24.png 24w, https:\/\/garrett.pt\/wp-content\/uploads\/2022\/06\/am_-36x36.png 36w, https:\/\/garrett.pt\/wp-content\/uploads\/2022\/06\/am_-48x48.png 48w, https:\/\/garrett.pt\/wp-content\/uploads\/2022\/06\/am_-300x300.png 300w, https:\/\/garrett.pt\/wp-content\/uploads\/2022\/06\/am_-100x100.png 100w\" sizes=\"(max-width: 500px) 100vw, 500px\" title=\"RCF AM 1064 MIXER AMPLIFIER\" alt=\"RCF AM 1064 MIXER AMPLIFIER\" \t\tclass=\"so-widget-image\"\/>\n\t\t\t<\/a><\/div>\n\n<h3 class=\"widget-title\">RCF AM 1064 MIXER AMPLIFIER<\/h3><\/div><\/div><\/div><div id=\"pgc-16515-4-2\"  class=\"panel-grid-cell panel-grid-cell-empty\" ><\/div><\/div><\/div><div id=\"pg-16515-5\"  class=\"panel-grid panel-no-style\" ><div id=\"pgc-16515-5-0\"  class=\"panel-grid-cell\" ><div id=\"panel-16515-5-0-0\" class=\"so-panel widget widget_sow-headline panel-first-child\" data-index=\"10\" ><div\n\t\t\t\n\t\t\tclass=\"so-widget-sow-headline so-widget-sow-headline-default-54d74f83306c-16515\"\n\t\t\t\n\t\t><div class=\"sow-headline-container\">\n\t\t\t\t\t\t<div class=\"decoration\">\n\t\t\t\t\t\t<div class=\"decoration-inside\"><\/div>\n\t\t\t\t\t<\/div>\n\t\t\t\t\t\t\t\t\t\t\t<h2 class=\"sow-headline\">\n\t\t\t\t\t\tThe Facilities\t\t\t\t\t\t<\/h2>\n\t\t\t\t\t\t<\/div>\n<\/div><\/div><div id=\"panel-16515-5-0-1\" class=\"so-panel widget widget_sow-editor panel-last-child\" data-index=\"11\" ><div\n\t\t\t\n\t\t\tclass=\"so-widget-sow-editor so-widget-sow-editor-base\"\n\t\t\t\n\t\t>\n<div class=\"siteorigin-widget-tinymce textwidget\">\n\t<p>\n\t\t<style type=\"text\/css\">\n\t\t\t#gallery-1 {\n\t\t\t\tmargin: auto;\n\t\t\t}\n\t\t\t#gallery-1 .gallery-item {\n\t\t\t\tfloat: left;\n\t\t\t\tmargin-top: 10px;\n\t\t\t\ttext-align: center;\n\t\t\t\twidth: 100%;\n\t\t\t}\n\t\t\t#gallery-1 img {\n\t\t\t\tborder: 2px solid #cfcfcf;\n\t\t\t}\n\t\t\t#gallery-1 .gallery-caption {\n\t\t\t\tmargin-left: 0;\n\t\t\t}\n\t\t\t\/* see gallery_shortcode() in wp-includes\/media.php *\/\n\t\t<\/style>\n\t\t<div id='gallery-1' class='gallery galleryid-16515 gallery-columns-1 gallery-size-full'><dl class='gallery-item'>\n\t\t\t<dt class='gallery-icon landscape'>\n\t\t\t\t<img loading=\"lazy\" decoding=\"async\" width=\"770\" height=\"417\" src=\"https:\/\/garrett.pt\/wp-content\/uploads\/2022\/06\/IMG_20220922_103404887.png\" class=\"attachment-full size-full\" alt=\"\" srcset=\"https:\/\/garrett.pt\/wp-content\/uploads\/2022\/06\/IMG_20220922_103404887.png 770w, https:\/\/garrett.pt\/wp-content\/uploads\/2022\/06\/IMG_20220922_103404887-500x271.png 500w, https:\/\/garrett.pt\/wp-content\/uploads\/2022\/06\/IMG_20220922_103404887-768x416.png 768w, https:\/\/garrett.pt\/wp-content\/uploads\/2022\/06\/IMG_20220922_103404887-18x10.png 18w, https:\/\/garrett.pt\/wp-content\/uploads\/2022\/06\/IMG_20220922_103404887-24x13.png 24w, https:\/\/garrett.pt\/wp-content\/uploads\/2022\/06\/IMG_20220922_103404887-36x19.png 36w, https:\/\/garrett.pt\/wp-content\/uploads\/2022\/06\/IMG_20220922_103404887-48x26.png 48w, https:\/\/garrett.pt\/wp-content\/uploads\/2022\/06\/IMG_20220922_103404887-600x325.png 600w\" sizes=\"auto, (max-width: 770px) 100vw, 770px\" \/>\n\t\t\t<\/dt><\/dl><br style=\"clear: both\" \/><dl class='gallery-item'>\n\t\t\t<dt class='gallery-icon landscape'>\n\t\t\t\t<img loading=\"lazy\" decoding=\"async\" width=\"770\" height=\"433\" src=\"https:\/\/garrett.pt\/wp-content\/uploads\/2022\/06\/IMG_20220922_101733530.jpg\" class=\"attachment-full size-full\" alt=\"\" srcset=\"https:\/\/garrett.pt\/wp-content\/uploads\/2022\/06\/IMG_20220922_101733530.jpg 770w, https:\/\/garrett.pt\/wp-content\/uploads\/2022\/06\/IMG_20220922_101733530-500x281.jpg 500w, https:\/\/garrett.pt\/wp-content\/uploads\/2022\/06\/IMG_20220922_101733530-768x432.jpg 768w, https:\/\/garrett.pt\/wp-content\/uploads\/2022\/06\/IMG_20220922_101733530-18x10.jpg 18w, https:\/\/garrett.pt\/wp-content\/uploads\/2022\/06\/IMG_20220922_101733530-24x13.jpg 24w, https:\/\/garrett.pt\/wp-content\/uploads\/2022\/06\/IMG_20220922_101733530-36x20.jpg 36w, https:\/\/garrett.pt\/wp-content\/uploads\/2022\/06\/IMG_20220922_101733530-48x27.jpg 48w, https:\/\/garrett.pt\/wp-content\/uploads\/2022\/06\/IMG_20220922_101733530-600x337.jpg 600w\" sizes=\"auto, (max-width: 770px) 100vw, 770px\" \/>\n\t\t\t<\/dt><\/dl><br style=\"clear: both\" \/><dl class='gallery-item'>\n\t\t\t<dt class='gallery-icon landscape'>\n\t\t\t\t<img loading=\"lazy\" decoding=\"async\" width=\"770\" height=\"433\" src=\"https:\/\/garrett.pt\/wp-content\/uploads\/2022\/06\/IMG_20220922_100838185.jpg\" class=\"attachment-full size-full\" alt=\"\" srcset=\"https:\/\/garrett.pt\/wp-content\/uploads\/2022\/06\/IMG_20220922_100838185.jpg 770w, https:\/\/garrett.pt\/wp-content\/uploads\/2022\/06\/IMG_20220922_100838185-500x281.jpg 500w, https:\/\/garrett.pt\/wp-content\/uploads\/2022\/06\/IMG_20220922_100838185-768x432.jpg 768w, https:\/\/garrett.pt\/wp-content\/uploads\/2022\/06\/IMG_20220922_100838185-18x10.jpg 18w, https:\/\/garrett.pt\/wp-content\/uploads\/2022\/06\/IMG_20220922_100838185-24x13.jpg 24w, https:\/\/garrett.pt\/wp-content\/uploads\/2022\/06\/IMG_20220922_100838185-36x20.jpg 36w, https:\/\/garrett.pt\/wp-content\/uploads\/2022\/06\/IMG_20220922_100838185-48x27.jpg 48w, https:\/\/garrett.pt\/wp-content\/uploads\/2022\/06\/IMG_20220922_100838185-600x337.jpg 600w\" sizes=\"auto, (max-width: 770px) 100vw, 770px\" \/>\n\t\t\t<\/dt><\/dl><br style=\"clear: both\" \/><dl class='gallery-item'>\n\t\t\t<dt class='gallery-icon landscape'>\n\t\t\t\t<img loading=\"lazy\" decoding=\"async\" width=\"770\" height=\"424\" src=\"https:\/\/garrett.pt\/wp-content\/uploads\/2022\/06\/IMG_20220922_100259742.png\" class=\"attachment-full size-full\" alt=\"\" srcset=\"https:\/\/garrett.pt\/wp-content\/uploads\/2022\/06\/IMG_20220922_100259742.png 770w, https:\/\/garrett.pt\/wp-content\/uploads\/2022\/06\/IMG_20220922_100259742-500x275.png 500w, https:\/\/garrett.pt\/wp-content\/uploads\/2022\/06\/IMG_20220922_100259742-768x423.png 768w, https:\/\/garrett.pt\/wp-content\/uploads\/2022\/06\/IMG_20220922_100259742-18x10.png 18w, https:\/\/garrett.pt\/wp-content\/uploads\/2022\/06\/IMG_20220922_100259742-24x13.png 24w, https:\/\/garrett.pt\/wp-content\/uploads\/2022\/06\/IMG_20220922_100259742-36x20.png 36w, https:\/\/garrett.pt\/wp-content\/uploads\/2022\/06\/IMG_20220922_100259742-48x26.png 48w, https:\/\/garrett.pt\/wp-content\/uploads\/2022\/06\/IMG_20220922_100259742-600x330.png 600w\" sizes=\"auto, (max-width: 770px) 100vw, 770px\" \/>\n\t\t\t<\/dt><\/dl><br style=\"clear: both\" \/><dl class='gallery-item'>\n\t\t\t<dt class='gallery-icon landscape'>\n\t\t\t\t<img loading=\"lazy\" decoding=\"async\" width=\"770\" height=\"433\" src=\"https:\/\/garrett.pt\/wp-content\/uploads\/2022\/06\/IMG_20220922_100354387.png\" class=\"attachment-full size-full\" alt=\"\" srcset=\"https:\/\/garrett.pt\/wp-content\/uploads\/2022\/06\/IMG_20220922_100354387.png 770w, https:\/\/garrett.pt\/wp-content\/uploads\/2022\/06\/IMG_20220922_100354387-500x281.png 500w, https:\/\/garrett.pt\/wp-content\/uploads\/2022\/06\/IMG_20220922_100354387-768x432.png 768w, https:\/\/garrett.pt\/wp-content\/uploads\/2022\/06\/IMG_20220922_100354387-18x10.png 18w, https:\/\/garrett.pt\/wp-content\/uploads\/2022\/06\/IMG_20220922_100354387-24x13.png 24w, https:\/\/garrett.pt\/wp-content\/uploads\/2022\/06\/IMG_20220922_100354387-36x20.png 36w, https:\/\/garrett.pt\/wp-content\/uploads\/2022\/06\/IMG_20220922_100354387-48x27.png 48w, https:\/\/garrett.pt\/wp-content\/uploads\/2022\/06\/IMG_20220922_100354387-600x337.png 600w\" sizes=\"auto, (max-width: 770px) 100vw, 770px\" \/>\n\t\t\t<\/dt><\/dl><br style=\"clear: both\" \/><dl class='gallery-item'>\n\t\t\t<dt class='gallery-icon landscape'>\n\t\t\t\t<img loading=\"lazy\" decoding=\"async\" width=\"770\" height=\"433\" src=\"https:\/\/garrett.pt\/wp-content\/uploads\/2022\/06\/IMG_20220922_100314333.png\" class=\"attachment-full size-full\" alt=\"\" srcset=\"https:\/\/garrett.pt\/wp-content\/uploads\/2022\/06\/IMG_20220922_100314333.png 770w, https:\/\/garrett.pt\/wp-content\/uploads\/2022\/06\/IMG_20220922_100314333-500x281.png 500w, https:\/\/garrett.pt\/wp-content\/uploads\/2022\/06\/IMG_20220922_100314333-768x432.png 768w, https:\/\/garrett.pt\/wp-content\/uploads\/2022\/06\/IMG_20220922_100314333-18x10.png 18w, https:\/\/garrett.pt\/wp-content\/uploads\/2022\/06\/IMG_20220922_100314333-24x13.png 24w, https:\/\/garrett.pt\/wp-content\/uploads\/2022\/06\/IMG_20220922_100314333-36x20.png 36w, https:\/\/garrett.pt\/wp-content\/uploads\/2022\/06\/IMG_20220922_100314333-48x27.png 48w, https:\/\/garrett.pt\/wp-content\/uploads\/2022\/06\/IMG_20220922_100314333-600x337.png 600w\" sizes=\"auto, (max-width: 770px) 100vw, 770px\" \/>\n\t\t\t<\/dt><\/dl><br style=\"clear: both\" \/>\n\t\t<\/div>\n<\/p>\n<\/div>\n<\/div><\/div><\/div><\/div><div id=\"pg-16515-6\"  class=\"panel-grid panel-no-style\" ><div id=\"pgc-16515-6-0\"  class=\"panel-grid-cell\" ><div id=\"panel-16515-6-0-0\" class=\"so-panel widget widget_sow-editor panel-first-child panel-last-child\" data-index=\"12\" ><div\n\t\t\t\n\t\t\tclass=\"so-widget-sow-editor so-widget-sow-editor-base\"\n\t\t\t\n\t\t>\n<div class=\"siteorigin-widget-tinymce textwidget\">\n\t<p style=\"text-align: center;\"><a class=\"maxbutton-6 maxbutton maxbutton-contacto-portfolio\" href=\"https:\/\/garrett.pt\/en\/contactos\/\"><span class='mb-text'>Contact us for a Custom Project<\/span><\/a><\/p>\n<\/div>\n<\/div><\/div><\/div><\/div><\/div>","protected":false},"excerpt":{"rendered":"<p>2022 &#8211; Espa\u00e7o Bento Martins, Carnide &#8211; Sistema Audiovisual A Garrett Audiovisuais participou na requalifica\u00e7\u00e3o do Espa\u00e7o Bento Martins, gerido pela Junta de Freguesia de [&hellip;]<\/p>\n","protected":false},"author":11,"featured_media":18105,"comment_status":"closed","ping_status":"open","sticky":false,"template":"","format":"standard","meta":{"cybocfi_hide_featured_image":"","footnotes":""},"categories":[342,14,296,352,52,369,319,16],"tags":[568,310],"class_list":{"0":"post-16515","1":"post","2":"type-post","3":"status-publish","4":"format-standard","5":"has-post-thumbnail","6":"hentry","7":"category-auditorio","8":"category-beyerdynamic","9":"category-chauvet-dj","10":"category-museu","11":"category-portfolio","12":"category-portfoliofornecimentos","13":"category-quik-lok","14":"category-rcf","15":"tag-audio","16":"tag-iluminacao","18":"post-with-thumbnail","19":"post-with-thumbnail-large"},"aioseo_notices":[],"aioseo_head":"\n\t\t<!-- All in One SEO Pro 4.9.6.2 - aioseo.com -->\n\t<meta name=\"description\" content=\"2022 - Espa\u00e7o Bento Martins, Carnide - Sistema Audiovisual A Garrett Audiovisuais participou na requalifica\u00e7\u00e3o do Espa\u00e7o Bento Martins, gerido pela Junta de Freguesia de Carnide (Lisboa), onde desenvolveu e instalou um sistema de som ambiente, ilumina\u00e7\u00e3o e videoproje\u00e7\u00e3o. Este \u00e9 um espa\u00e7o destinado a acolher exposi\u00e7\u00f5es, col\u00f3quios, confer\u00eancias, espect\u00e1culos e outros eventos culturais. O\" \/>\n\t<meta name=\"robots\" content=\"max-image-preview:large\" \/>\n\t<meta name=\"author\" content=\"nuno vinhas\"\/>\n\t<meta name=\"google-site-verification\" content=\"V-yzxKXBUCATCiI1W_5bHMqCYZQPH0cGOGjcdwe4AHM\" \/>\n\t<link rel=\"canonical\" href=\"https:\/\/garrett.pt\/en\/espaco-bento-martins-junta-de-freguesia-de-carnide\/\" \/>\n\t<meta name=\"generator\" content=\"All in One SEO Pro (AIOSEO) 4.9.6.2\" \/>\n\t\t<meta property=\"og:locale\" content=\"en_GB\" \/>\n\t\t<meta property=\"og:site_name\" content=\"Garrett Audiovisuais | Projeto e Integra\u00e7\u00e3o de Sistemas Audiovisuais\" \/>\n\t\t<meta property=\"og:type\" content=\"article\" \/>\n\t\t<meta property=\"og:title\" content=\"Espa\u00e7o Bento Martins, Junta de Freguesia de Carnide | Garrett Audiovisuais\" \/>\n\t\t<meta property=\"og:description\" content=\"2022 - Espa\u00e7o Bento Martins, Carnide - Sistema Audiovisual A Garrett Audiovisuais participou na requalifica\u00e7\u00e3o do Espa\u00e7o Bento Martins, gerido pela Junta de Freguesia de Carnide (Lisboa), onde desenvolveu e instalou um sistema de som ambiente, ilumina\u00e7\u00e3o e videoproje\u00e7\u00e3o. Este \u00e9 um espa\u00e7o destinado a acolher exposi\u00e7\u00f5es, col\u00f3quios, confer\u00eancias, espect\u00e1culos e outros eventos culturais. O\" \/>\n\t\t<meta property=\"og:url\" content=\"https:\/\/garrett.pt\/en\/espaco-bento-martins-junta-de-freguesia-de-carnide\/\" \/>\n\t\t<meta property=\"og:image\" content=\"https:\/\/garrett.pt\/wp-content\/uploads\/2022\/06\/bento-720x380-2.png\" \/>\n\t\t<meta property=\"og:image:secure_url\" content=\"https:\/\/garrett.pt\/wp-content\/uploads\/2022\/06\/bento-720x380-2.png\" \/>\n\t\t<meta property=\"og:image:width\" content=\"720\" \/>\n\t\t<meta property=\"og:image:height\" content=\"380\" \/>\n\t\t<meta property=\"article:published_time\" content=\"2022-08-23T16:07:21+00:00\" \/>\n\t\t<meta property=\"article:modified_time\" content=\"2026-02-27T17:12:39+00:00\" \/>\n\t\t<meta property=\"article:publisher\" content=\"https:\/\/www.facebook.com\/garrettaudiovisuais\" \/>\n\t\t<meta name=\"twitter:card\" content=\"summary\" \/>\n\t\t<meta name=\"twitter:title\" content=\"Espa\u00e7o Bento Martins, Junta de Freguesia de Carnide | Garrett Audiovisuais\" \/>\n\t\t<meta name=\"twitter:description\" content=\"2022 - Espa\u00e7o Bento Martins, Carnide - Sistema Audiovisual A Garrett Audiovisuais participou na requalifica\u00e7\u00e3o do Espa\u00e7o Bento Martins, gerido pela Junta de Freguesia de Carnide (Lisboa), onde desenvolveu e instalou um sistema de som ambiente, ilumina\u00e7\u00e3o e videoproje\u00e7\u00e3o. Este \u00e9 um espa\u00e7o destinado a acolher exposi\u00e7\u00f5es, col\u00f3quios, confer\u00eancias, espect\u00e1culos e outros eventos culturais. O\" \/>\n\t\t<meta name=\"twitter:image\" content=\"https:\/\/garrett.pt\/wp-content\/uploads\/2022\/06\/bento-720x380-2.png\" \/>\n\t\t<script type=\"application\/ld+json\" class=\"aioseo-schema\">\n\t\t\t{\"@context\":\"https:\\\/\\\/schema.org\",\"@graph\":[{\"@type\":\"Article\",\"@id\":\"https:\\\/\\\/garrett.pt\\\/en\\\/espaco-bento-martins-junta-de-freguesia-de-carnide\\\/#article\",\"name\":\"Espa\\u00e7o Bento Martins, Junta de Freguesia de Carnide | Garrett Audiovisuais\",\"headline\":\"Espa\\u00e7o Bento Martins, Junta de Freguesia de Carnide\",\"author\":{\"@id\":\"https:\\\/\\\/garrett.pt\\\/en\\\/author\\\/nuno\\\/#author\"},\"publisher\":{\"@id\":\"https:\\\/\\\/garrett.pt\\\/en\\\/#organization\"},\"image\":{\"@type\":\"ImageObject\",\"url\":\"https:\\\/\\\/garrett.pt\\\/wp-content\\\/uploads\\\/2022\\\/06\\\/bento-720x380-2.png\",\"width\":720,\"height\":380},\"datePublished\":\"2022-08-23T16:07:21+00:00\",\"dateModified\":\"2026-02-27T17:12:39+00:00\",\"inLanguage\":\"en-GB\",\"mainEntityOfPage\":{\"@id\":\"https:\\\/\\\/garrett.pt\\\/en\\\/espaco-bento-martins-junta-de-freguesia-de-carnide\\\/#webpage\"},\"isPartOf\":{\"@id\":\"https:\\\/\\\/garrett.pt\\\/en\\\/espaco-bento-martins-junta-de-freguesia-de-carnide\\\/#webpage\"},\"articleSection\":\"Audit\\u00f3rio \\\/ Teatro, Beyerdynamic, Chauvet DJ, Museu \\\/ Biblioteca, Portfolio, Portfolio+Fornecimentos, Quik Lok, RCF, \\u00e1udio, ilumina\\u00e7\\u00e3o\"},{\"@type\":\"BreadcrumbList\",\"@id\":\"https:\\\/\\\/garrett.pt\\\/en\\\/espaco-bento-martins-junta-de-freguesia-de-carnide\\\/#breadcrumblist\",\"itemListElement\":[{\"@type\":\"ListItem\",\"@id\":\"https:\\\/\\\/garrett.pt\\\/en#listItem\",\"position\":1,\"name\":\"Home\",\"item\":\"https:\\\/\\\/garrett.pt\\\/en\",\"nextItem\":{\"@type\":\"ListItem\",\"@id\":\"https:\\\/\\\/garrett.pt\\\/en\\\/category\\\/tipologia\\\/#listItem\",\"name\":\"Tipologia\"}},{\"@type\":\"ListItem\",\"@id\":\"https:\\\/\\\/garrett.pt\\\/en\\\/category\\\/tipologia\\\/#listItem\",\"position\":2,\"name\":\"Tipologia\",\"item\":\"https:\\\/\\\/garrett.pt\\\/en\\\/category\\\/tipologia\\\/\",\"nextItem\":{\"@type\":\"ListItem\",\"@id\":\"https:\\\/\\\/garrett.pt\\\/en\\\/category\\\/tipologia\\\/auditorio\\\/#listItem\",\"name\":\"Audit\\u00f3rio \\\/ Teatro\"},\"previousItem\":{\"@type\":\"ListItem\",\"@id\":\"https:\\\/\\\/garrett.pt\\\/en#listItem\",\"name\":\"Home\"}},{\"@type\":\"ListItem\",\"@id\":\"https:\\\/\\\/garrett.pt\\\/en\\\/category\\\/tipologia\\\/auditorio\\\/#listItem\",\"position\":3,\"name\":\"Audit\\u00f3rio \\\/ Teatro\",\"item\":\"https:\\\/\\\/garrett.pt\\\/en\\\/category\\\/tipologia\\\/auditorio\\\/\",\"nextItem\":{\"@type\":\"ListItem\",\"@id\":\"https:\\\/\\\/garrett.pt\\\/en\\\/espaco-bento-martins-junta-de-freguesia-de-carnide\\\/#listItem\",\"name\":\"Espa\\u00e7o Bento Martins, Junta de Freguesia de Carnide\"},\"previousItem\":{\"@type\":\"ListItem\",\"@id\":\"https:\\\/\\\/garrett.pt\\\/en\\\/category\\\/tipologia\\\/#listItem\",\"name\":\"Tipologia\"}},{\"@type\":\"ListItem\",\"@id\":\"https:\\\/\\\/garrett.pt\\\/en\\\/espaco-bento-martins-junta-de-freguesia-de-carnide\\\/#listItem\",\"position\":4,\"name\":\"Espa\\u00e7o Bento Martins, Junta de Freguesia de Carnide\",\"previousItem\":{\"@type\":\"ListItem\",\"@id\":\"https:\\\/\\\/garrett.pt\\\/en\\\/category\\\/tipologia\\\/auditorio\\\/#listItem\",\"name\":\"Audit\\u00f3rio \\\/ Teatro\"}}]},{\"@type\":\"Organization\",\"@id\":\"https:\\\/\\\/garrett.pt\\\/en\\\/#organization\",\"name\":\"Garrett Audiovisuais\",\"description\":\"Projeto e Integra\\u00e7\\u00e3o de Sistemas Audiovisuais\",\"url\":\"https:\\\/\\\/garrett.pt\\\/en\\\/\",\"telephone\":\"+351214180134\",\"logo\":{\"@type\":\"ImageObject\",\"url\":\"https:\\\/\\\/garrett.pt\\\/wp-content\\\/uploads\\\/2021\\\/10\\\/1378831_10151703628399331_552396504_n.jpg\",\"@id\":\"https:\\\/\\\/garrett.pt\\\/en\\\/espaco-bento-martins-junta-de-freguesia-de-carnide\\\/#organizationLogo\",\"width\":650,\"height\":650},\"image\":{\"@id\":\"https:\\\/\\\/garrett.pt\\\/en\\\/espaco-bento-martins-junta-de-freguesia-de-carnide\\\/#organizationLogo\"},\"sameAs\":[\"https:\\\/\\\/www.facebook.com\\\/garrettaudiovisuais\",\"https:\\\/\\\/www.instagram.com\\\/garrettaudiovisuais\\\/\",\"https:\\\/\\\/www.youtube.com\\\/channel\\\/UCMLMFyCLpAQ3D4cYmzC34PQ\",\"https:\\\/\\\/www.linkedin.com\\\/company\\\/garrett-audiovisuais\",\"https:\\\/\\\/www.threads.net\\\/@garrettaudiovisuais\",\"https:\\\/\\\/bsky.app\\\/profile\\\/garrettsa.bsky.social\"]},{\"@type\":\"Person\",\"@id\":\"https:\\\/\\\/garrett.pt\\\/en\\\/author\\\/nuno\\\/#author\",\"url\":\"https:\\\/\\\/garrett.pt\\\/en\\\/author\\\/nuno\\\/\",\"name\":\"nuno vinhas\",\"image\":{\"@type\":\"ImageObject\",\"@id\":\"https:\\\/\\\/garrett.pt\\\/en\\\/espaco-bento-martins-junta-de-freguesia-de-carnide\\\/#authorImage\",\"url\":\"https:\\\/\\\/secure.gravatar.com\\\/avatar\\\/bfc37249150232e116bfa3a546dfe2a41ffe7da2e6bf73df5e60ced71075f588?s=96&d=mm&r=g\",\"width\":96,\"height\":96,\"caption\":\"nuno vinhas\"}},{\"@type\":\"WebPage\",\"@id\":\"https:\\\/\\\/garrett.pt\\\/en\\\/espaco-bento-martins-junta-de-freguesia-de-carnide\\\/#webpage\",\"url\":\"https:\\\/\\\/garrett.pt\\\/en\\\/espaco-bento-martins-junta-de-freguesia-de-carnide\\\/\",\"name\":\"Espa\\u00e7o Bento Martins, Junta de Freguesia de Carnide | Garrett Audiovisuais\",\"description\":\"2022 - Espa\\u00e7o Bento Martins, Carnide - Sistema Audiovisual A Garrett Audiovisuais participou na requalifica\\u00e7\\u00e3o do Espa\\u00e7o Bento Martins, gerido pela Junta de Freguesia de Carnide (Lisboa), onde desenvolveu e instalou um sistema de som ambiente, ilumina\\u00e7\\u00e3o e videoproje\\u00e7\\u00e3o. Este \\u00e9 um espa\\u00e7o destinado a acolher exposi\\u00e7\\u00f5es, col\\u00f3quios, confer\\u00eancias, espect\\u00e1culos e outros eventos culturais. O\",\"inLanguage\":\"en-GB\",\"isPartOf\":{\"@id\":\"https:\\\/\\\/garrett.pt\\\/en\\\/#website\"},\"breadcrumb\":{\"@id\":\"https:\\\/\\\/garrett.pt\\\/en\\\/espaco-bento-martins-junta-de-freguesia-de-carnide\\\/#breadcrumblist\"},\"author\":{\"@id\":\"https:\\\/\\\/garrett.pt\\\/en\\\/author\\\/nuno\\\/#author\"},\"creator\":{\"@id\":\"https:\\\/\\\/garrett.pt\\\/en\\\/author\\\/nuno\\\/#author\"},\"image\":{\"@type\":\"ImageObject\",\"url\":\"https:\\\/\\\/garrett.pt\\\/wp-content\\\/uploads\\\/2022\\\/06\\\/bento-720x380-2.png\",\"@id\":\"https:\\\/\\\/garrett.pt\\\/en\\\/espaco-bento-martins-junta-de-freguesia-de-carnide\\\/#mainImage\",\"width\":720,\"height\":380},\"primaryImageOfPage\":{\"@id\":\"https:\\\/\\\/garrett.pt\\\/en\\\/espaco-bento-martins-junta-de-freguesia-de-carnide\\\/#mainImage\"},\"datePublished\":\"2022-08-23T16:07:21+00:00\",\"dateModified\":\"2026-02-27T17:12:39+00:00\"},{\"@type\":\"WebSite\",\"@id\":\"https:\\\/\\\/garrett.pt\\\/en\\\/#website\",\"url\":\"https:\\\/\\\/garrett.pt\\\/en\\\/\",\"name\":\"Garrett Audiovisuais\",\"description\":\"Projeto e Integra\\u00e7\\u00e3o de Sistemas Audiovisuais\",\"inLanguage\":\"en-GB\",\"publisher\":{\"@id\":\"https:\\\/\\\/garrett.pt\\\/en\\\/#organization\"}}]}\n\t\t<\/script>\n\t\t<!-- All in One SEO Pro -->\r\n\t\t<title>Espa\u00e7o Bento Martins, Junta de Freguesia de Carnide | Garrett Audiovisuais<\/title>\n\n","aioseo_head_json":{"title":"Bento Martins Space, Carnide Parish Council | Garrett Audiovisuals","description":"2022 - Bento Martins Space, Carnide - Audiovisual System Garrett Audiovisuais participated in the renovation of the Bento Martins Space, managed by the Carnide Parish Council (Lisbon), where it developed and installed an ambient sound, lighting, and video projection system. This space is designed to host exhibitions, colloquia, conferences, shows, and other cultural events.","canonical_url":"https:\/\/garrett.pt\/en\/espaco-bento-martins-junta-de-freguesia-de-carnide\/","robots":"max-image-preview:large","keywords":"","webmasterTools":{"google-site-verification":"V-yzxKXBUCATCiI1W_5bHMqCYZQPH0cGOGjcdwe4AHM","miscellaneous":""},"schema":{"@context":"https:\/\/schema.org","@graph":[{"@type":"Article","@id":"https:\/\/garrett.pt\/en\/espaco-bento-martins-junta-de-freguesia-de-carnide\/#article","name":"Espa\u00e7o Bento Martins, Junta de Freguesia de Carnide | Garrett Audiovisuais","headline":"Espa\u00e7o Bento Martins, Junta de Freguesia de Carnide","author":{"@id":"https:\/\/garrett.pt\/en\/author\/nuno\/#author"},"publisher":{"@id":"https:\/\/garrett.pt\/en\/#organization"},"image":{"@type":"ImageObject","url":"https:\/\/garrett.pt\/wp-content\/uploads\/2022\/06\/bento-720x380-2.png","width":720,"height":380},"datePublished":"2022-08-23T16:07:21+00:00","dateModified":"2026-02-27T17:12:39+00:00","inLanguage":"en-GB","mainEntityOfPage":{"@id":"https:\/\/garrett.pt\/en\/espaco-bento-martins-junta-de-freguesia-de-carnide\/#webpage"},"isPartOf":{"@id":"https:\/\/garrett.pt\/en\/espaco-bento-martins-junta-de-freguesia-de-carnide\/#webpage"},"articleSection":"Audit\u00f3rio \/ Teatro, Beyerdynamic, Chauvet DJ, Museu \/ Biblioteca, Portfolio, Portfolio+Fornecimentos, Quik Lok, RCF, \u00e1udio, ilumina\u00e7\u00e3o"},{"@type":"BreadcrumbList","@id":"https:\/\/garrett.pt\/en\/espaco-bento-martins-junta-de-freguesia-de-carnide\/#breadcrumblist","itemListElement":[{"@type":"ListItem","@id":"https:\/\/garrett.pt\/en#listItem","position":1,"name":"Home","item":"https:\/\/garrett.pt\/en","nextItem":{"@type":"ListItem","@id":"https:\/\/garrett.pt\/en\/category\/tipologia\/#listItem","name":"Tipologia"}},{"@type":"ListItem","@id":"https:\/\/garrett.pt\/en\/category\/tipologia\/#listItem","position":2,"name":"Tipologia","item":"https:\/\/garrett.pt\/en\/category\/tipologia\/","nextItem":{"@type":"ListItem","@id":"https:\/\/garrett.pt\/en\/category\/tipologia\/auditorio\/#listItem","name":"Audit\u00f3rio \/ Teatro"},"previousItem":{"@type":"ListItem","@id":"https:\/\/garrett.pt\/en#listItem","name":"Home"}},{"@type":"ListItem","@id":"https:\/\/garrett.pt\/en\/category\/tipologia\/auditorio\/#listItem","position":3,"name":"Audit\u00f3rio \/ Teatro","item":"https:\/\/garrett.pt\/en\/category\/tipologia\/auditorio\/","nextItem":{"@type":"ListItem","@id":"https:\/\/garrett.pt\/en\/espaco-bento-martins-junta-de-freguesia-de-carnide\/#listItem","name":"Espa\u00e7o Bento Martins, Junta de Freguesia de Carnide"},"previousItem":{"@type":"ListItem","@id":"https:\/\/garrett.pt\/en\/category\/tipologia\/#listItem","name":"Tipologia"}},{"@type":"ListItem","@id":"https:\/\/garrett.pt\/en\/espaco-bento-martins-junta-de-freguesia-de-carnide\/#listItem","position":4,"name":"Espa\u00e7o Bento Martins, Junta de Freguesia de Carnide","previousItem":{"@type":"ListItem","@id":"https:\/\/garrett.pt\/en\/category\/tipologia\/auditorio\/#listItem","name":"Audit\u00f3rio \/ Teatro"}}]},{"@type":"Organization","@id":"https:\/\/garrett.pt\/en\/#organization","name":"Garrett Audiovisuais","description":"Projeto e Integra\u00e7\u00e3o de Sistemas Audiovisuais","url":"https:\/\/garrett.pt\/en\/","telephone":"+351214180134","logo":{"@type":"ImageObject","url":"https:\/\/garrett.pt\/wp-content\/uploads\/2021\/10\/1378831_10151703628399331_552396504_n.jpg","@id":"https:\/\/garrett.pt\/en\/espaco-bento-martins-junta-de-freguesia-de-carnide\/#organizationLogo","width":650,"height":650},"image":{"@id":"https:\/\/garrett.pt\/en\/espaco-bento-martins-junta-de-freguesia-de-carnide\/#organizationLogo"},"sameAs":["https:\/\/www.facebook.com\/garrettaudiovisuais","https:\/\/www.instagram.com\/garrettaudiovisuais\/","https:\/\/www.youtube.com\/channel\/UCMLMFyCLpAQ3D4cYmzC34PQ","https:\/\/www.linkedin.com\/company\/garrett-audiovisuais","https:\/\/www.threads.net\/@garrettaudiovisuais","https:\/\/bsky.app\/profile\/garrettsa.bsky.social"]},{"@type":"Person","@id":"https:\/\/garrett.pt\/en\/author\/nuno\/#author","url":"https:\/\/garrett.pt\/en\/author\/nuno\/","name":"nuno vinhas","image":{"@type":"ImageObject","@id":"https:\/\/garrett.pt\/en\/espaco-bento-martins-junta-de-freguesia-de-carnide\/#authorImage","url":"https:\/\/secure.gravatar.com\/avatar\/bfc37249150232e116bfa3a546dfe2a41ffe7da2e6bf73df5e60ced71075f588?s=96&d=mm&r=g","width":96,"height":96,"caption":"nuno vinhas"}},{"@type":"WebPage","@id":"https:\/\/garrett.pt\/en\/espaco-bento-martins-junta-de-freguesia-de-carnide\/#webpage","url":"https:\/\/garrett.pt\/en\/espaco-bento-martins-junta-de-freguesia-de-carnide\/","name":"Espa\u00e7o Bento Martins, Junta de Freguesia de Carnide | Garrett Audiovisuais","description":"2022 - Espa\u00e7o Bento Martins, Carnide - Sistema Audiovisual A Garrett Audiovisuais participou na requalifica\u00e7\u00e3o do Espa\u00e7o Bento Martins, gerido pela Junta de Freguesia de Carnide (Lisboa), onde desenvolveu e instalou um sistema de som ambiente, ilumina\u00e7\u00e3o e videoproje\u00e7\u00e3o. Este \u00e9 um espa\u00e7o destinado a acolher exposi\u00e7\u00f5es, col\u00f3quios, confer\u00eancias, espect\u00e1culos e outros eventos culturais. O","inLanguage":"en-GB","isPartOf":{"@id":"https:\/\/garrett.pt\/en\/#website"},"breadcrumb":{"@id":"https:\/\/garrett.pt\/en\/espaco-bento-martins-junta-de-freguesia-de-carnide\/#breadcrumblist"},"author":{"@id":"https:\/\/garrett.pt\/en\/author\/nuno\/#author"},"creator":{"@id":"https:\/\/garrett.pt\/en\/author\/nuno\/#author"},"image":{"@type":"ImageObject","url":"https:\/\/garrett.pt\/wp-content\/uploads\/2022\/06\/bento-720x380-2.png","@id":"https:\/\/garrett.pt\/en\/espaco-bento-martins-junta-de-freguesia-de-carnide\/#mainImage","width":720,"height":380},"primaryImageOfPage":{"@id":"https:\/\/garrett.pt\/en\/espaco-bento-martins-junta-de-freguesia-de-carnide\/#mainImage"},"datePublished":"2022-08-23T16:07:21+00:00","dateModified":"2026-02-27T17:12:39+00:00"},{"@type":"WebSite","@id":"https:\/\/garrett.pt\/en\/#website","url":"https:\/\/garrett.pt\/en\/","name":"Garrett Audiovisuais","description":"Projeto e Integra\u00e7\u00e3o de Sistemas Audiovisuais","inLanguage":"en-GB","publisher":{"@id":"https:\/\/garrett.pt\/en\/#organization"}}]},"og:locale":"en_GB","og:site_name":"Garrett Audiovisuais | Projeto e Integra\u00e7\u00e3o de Sistemas Audiovisuais","og:type":"article","og:title":"Espa\u00e7o Bento Martins, Junta de Freguesia de Carnide | Garrett Audiovisuais","og:description":"2022 - Espa\u00e7o Bento Martins, Carnide - Sistema Audiovisual A Garrett Audiovisuais participou na requalifica\u00e7\u00e3o do Espa\u00e7o Bento Martins, gerido pela Junta de Freguesia de Carnide (Lisboa), onde desenvolveu e instalou um sistema de som ambiente, ilumina\u00e7\u00e3o e videoproje\u00e7\u00e3o. Este \u00e9 um espa\u00e7o destinado a acolher exposi\u00e7\u00f5es, col\u00f3quios, confer\u00eancias, espect\u00e1culos e outros eventos culturais. O","og:url":"https:\/\/garrett.pt\/en\/espaco-bento-martins-junta-de-freguesia-de-carnide\/","og:image":"https:\/\/garrett.pt\/wp-content\/uploads\/2022\/06\/bento-720x380-2.png","og:image:secure_url":"https:\/\/garrett.pt\/wp-content\/uploads\/2022\/06\/bento-720x380-2.png","og:image:width":720,"og:image:height":380,"article:published_time":"2022-08-23T16:07:21+00:00","article:modified_time":"2026-02-27T17:12:39+00:00","article:publisher":"https:\/\/www.facebook.com\/garrettaudiovisuais","twitter:card":"summary","twitter:title":"Espa\u00e7o Bento Martins, Junta de Freguesia de Carnide | Garrett Audiovisuais","twitter:description":"2022 - Espa\u00e7o Bento Martins, Carnide - Sistema Audiovisual A Garrett Audiovisuais participou na requalifica\u00e7\u00e3o do Espa\u00e7o Bento Martins, gerido pela Junta de Freguesia de Carnide (Lisboa), onde desenvolveu e instalou um sistema de som ambiente, ilumina\u00e7\u00e3o e videoproje\u00e7\u00e3o. Este \u00e9 um espa\u00e7o destinado a acolher exposi\u00e7\u00f5es, col\u00f3quios, confer\u00eancias, espect\u00e1culos e outros eventos culturais. O","twitter:image":"https:\/\/garrett.pt\/wp-content\/uploads\/2022\/06\/bento-720x380-2.png"},"aioseo_meta_data":{"post_id":"16515","title":null,"description":null,"keywords":null,"keyphrases":{"focus":{"keyphrase":"Bento Martins","score":82,"analysis":{"keyphraseInTitle":{"score":9,"maxScore":9,"error":0},"keyphraseInDescription":{"score":9,"maxScore":9,"error":0},"keyphraseLength":{"score":9,"maxScore":9,"error":0,"length":2},"keyphraseInURL":{"score":5,"maxScore":5,"error":0},"keyphraseInIntroduction":{"score":9,"maxScore":9,"error":0},"keyphraseInSubHeadings":{"score":3,"maxScore":9,"error":1},"keyphraseInImageAlt":{"score":3,"maxScore":9,"error":1},"keywordDensity":{"type":"best","score":9,"maxScore":9,"error":0}}},"additional":[{"keyphrase":"Carnide","score":73,"analysis":{"keyphraseInDescription":{"score":9,"maxScore":9,"error":0},"keyphraseLength":{"score":9,"maxScore":9,"error":0,"length":1},"keyphraseInIntroduction":{"score":3,"maxScore":9,"error":1},"keyphraseInImageAlt":{"score":3,"maxScore":9,"error":1},"keywordDensity":{"type":"best","score":9,"maxScore":9,"error":0}}},{"keyphrase":"Junta de Freguesia","score":53,"analysis":{"keyphraseInDescription":{"score":9,"maxScore":9,"error":0},"keyphraseLength":{"score":9,"maxScore":9,"error":0,"length":3},"keyphraseInIntroduction":{"score":3,"maxScore":9,"error":1},"keyphraseInImageAlt":{"score":3,"maxScore":9,"error":1},"keywordDensity":{"score":0,"type":"low","maxScore":9,"error":1}}},{"keyphrase":"audiovisual","score":53,"analysis":{"keyphraseInDescription":{"score":9,"maxScore":9,"error":0},"keyphraseLength":{"score":9,"maxScore":9,"error":0,"length":1},"keyphraseInIntroduction":{"score":3,"maxScore":9,"error":1},"keyphraseInImageAlt":{"score":3,"maxScore":9,"error":1},"keywordDensity":{"score":0,"type":"low","maxScore":9,"error":1}}}]},"primary_term":null,"canonical_url":null,"og_title":null,"og_description":null,"og_object_type":"default","og_image_type":"default","og_image_url":null,"og_image_width":null,"og_image_height":null,"og_image_custom_url":null,"og_image_custom_fields":null,"og_video":"","og_custom_url":null,"og_article_section":null,"og_article_tags":null,"twitter_use_og":false,"twitter_card":"default","twitter_image_type":"default","twitter_image_url":null,"twitter_image_custom_url":null,"twitter_image_custom_fields":null,"twitter_title":null,"twitter_description":null,"schema":{"blockGraphs":[],"customGraphs":[],"default":{"data":{"Article":[],"Course":[],"Dataset":[],"FAQPage":[],"Movie":[],"Person":[],"Product":[],"ProductReview":[],"Car":[],"Recipe":[],"Service":[],"SoftwareApplication":[],"WebPage":[]},"graphName":"Article","isEnabled":true},"graphs":[]},"schema_type":"default","schema_type_options":"{\"article\":{\"articleType\":\"BlogPosting\"},\"course\":{\"name\":\"\",\"description\":\"\",\"provider\":\"\"},\"faq\":{\"pages\":[]},\"product\":{\"reviews\":[]},\"recipe\":{\"ingredients\":[],\"instructions\":[],\"keywords\":[]},\"software\":{\"reviews\":[],\"operatingSystems\":[]},\"webPage\":{\"webPageType\":\"WebPage\"}}","pillar_content":false,"robots_default":true,"robots_noindex":false,"robots_noarchive":false,"robots_nosnippet":false,"robots_nofollow":false,"robots_noimageindex":false,"robots_noodp":false,"robots_notranslate":false,"robots_max_snippet":"-1","robots_max_videopreview":"-1","robots_max_imagepreview":"large","priority":null,"frequency":"default","local_seo":null,"seo_analyzer_scan_date":"2026-02-27 18:13:34","breadcrumb_settings":null,"limit_modified_date":false,"reviewed_by":null,"open_ai":null,"ai":{"faqs":[],"keyPoints":[],"titles":[],"descriptions":[],"socialPosts":{"email":[],"linkedin":[],"twitter":[],"facebook":[],"instagram":[]}},"created":"2022-06-07 09:39:50","updated":"2026-02-27 18:13:34"},"aioseo_breadcrumb":"<div class=\"aioseo-breadcrumbs\"><span class=\"aioseo-breadcrumb\">\n\t<a href=\"https:\/\/garrett.pt\/en\" title=\"Home\">Home<\/a>\n<\/span><span class=\"aioseo-breadcrumb-separator\">&raquo;<\/span><span class=\"aioseo-breadcrumb\">\n\t<a href=\"https:\/\/garrett.pt\/en\/category\/tipologia\/\" title=\"Tipologia\">Tipologia<\/a>\n<\/span><span class=\"aioseo-breadcrumb-separator\">&raquo;<\/span><span class=\"aioseo-breadcrumb\">\n\t<a href=\"https:\/\/garrett.pt\/en\/category\/tipologia\/auditorio\/\" title=\"Audit\u00f3rio \/ Teatro\">Audit\u00f3rio \/ Teatro<\/a>\n<\/span><span class=\"aioseo-breadcrumb-separator\">&raquo;<\/span><span class=\"aioseo-breadcrumb\">\n\tEspa\u00e7o Bento Martins, Junta de Freguesia de Carnide\n<\/span><\/div>","aioseo_breadcrumb_json":[{"label":"Home","link":"https:\/\/garrett.pt\/en"},{"label":"Tipologia","link":"https:\/\/garrett.pt\/en\/category\/tipologia\/"},{"label":"Audit\u00f3rio \/ Teatro","link":"https:\/\/garrett.pt\/en\/category\/tipologia\/auditorio\/"},{"label":"Espa\u00e7o Bento Martins, Junta de Freguesia de Carnide","link":"https:\/\/garrett.pt\/en\/espaco-bento-martins-junta-de-freguesia-de-carnide\/"}],"_links":{"self":[{"href":"https:\/\/garrett.pt\/en\/wp-json\/wp\/v2\/posts\/16515","targetHints":{"allow":["GET"]}}],"collection":[{"href":"https:\/\/garrett.pt\/en\/wp-json\/wp\/v2\/posts"}],"about":[{"href":"https:\/\/garrett.pt\/en\/wp-json\/wp\/v2\/types\/post"}],"author":[{"embeddable":true,"href":"https:\/\/garrett.pt\/en\/wp-json\/wp\/v2\/users\/11"}],"replies":[{"embeddable":true,"href":"https:\/\/garrett.pt\/en\/wp-json\/wp\/v2\/comments?post=16515"}],"version-history":[{"count":0,"href":"https:\/\/garrett.pt\/en\/wp-json\/wp\/v2\/posts\/16515\/revisions"}],"wp:featuredmedia":[{"embeddable":true,"href":"https:\/\/garrett.pt\/en\/wp-json\/wp\/v2\/media\/18105"}],"wp:attachment":[{"href":"https:\/\/garrett.pt\/en\/wp-json\/wp\/v2\/media?parent=16515"}],"wp:term":[{"taxonomy":"category","embeddable":true,"href":"https:\/\/garrett.pt\/en\/wp-json\/wp\/v2\/categories?post=16515"},{"taxonomy":"post_tag","embeddable":true,"href":"https:\/\/garrett.pt\/en\/wp-json\/wp\/v2\/tags?post=16515"}],"curies":[{"name":"wp","href":"https:\/\/api.w.org\/{rel}","templated":true}]}}