{"id":169,"date":"2014-11-02T12:11:37","date_gmt":"2014-11-02T12:11:37","guid":{"rendered":"http:\/\/garrett.pt\/?p=169"},"modified":"2024-01-12T15:14:14","modified_gmt":"2024-01-12T15:14:14","slug":"restaurante-o-mercado-lisboa","status":"publish","type":"post","link":"https:\/\/garrett.pt\/en\/restaurante-o-mercado-lisboa\/","title":{"rendered":"Restaurant \u201cO Mercado\u201d, Lisbon"},"content":{"rendered":"<div id=\"pl-169\"  class=\"panel-layout\" ><div id=\"pg-169-0\"  class=\"panel-grid panel-no-style\" ><div id=\"pgc-169-0-0\"  class=\"panel-grid-cell\" ><div id=\"panel-169-0-0-0\" class=\"so-panel widget widget_sow-editor panel-first-child\" data-index=\"0\" ><div\n\t\t\t\n\t\t\tclass=\"so-widget-sow-editor so-widget-sow-editor-base\"\n\t\t\t\n\t\t>\n<div class=\"siteorigin-widget-tinymce textwidget\">\n\tDesign and installation of a sound system with RCF surround speakers, AMC volume controllers and RCF ES3160 control center. It was intended to provide the different rooms of the restaurant with the necessary conditions to allow the enjoyment of meals with music and video in the background.\n<p style=\"text-align: right;\"><a href=\"http:\/\/www.mercadodealcantara.com\" target=\"_blank\">www.mercadodealcantara.com<\/a><\/p><\/div>\n<\/div><\/div><div id=\"panel-169-0-0-1\" class=\"so-panel widget widget_sow-button panel-last-child\" data-index=\"1\" ><div\n\t\t\t\n\t\t\tclass=\"so-widget-sow-button so-widget-sow-button-atom-1dc8a3aa86f9-169\"\n\t\t\t\n\t\t><div class=\"ow-button-base ow-button-align-left\"\n>\n\t\t\t<a\n\t\t\t\t\thref=\"\"\n\t\t\t\t\tclass=\"sowb-button ow-icon-placement-left ow-button-hover\" \t>\n\t\t<span>\n\t\t\t\n\t\t\t\u2190 Back to Portfolio \t\t<\/span>\n\t\t\t<\/a>\n\t<\/div>\n<\/div><\/div><\/div><\/div><\/div>","protected":false},"excerpt":{"rendered":"<p>2014 \u2013 Design and installation of a sound system with surround sound speakers RCF, AMC volume controllers and control center RCF ES3160.<\/p>","protected":false},"author":11,"featured_media":170,"comment_status":"open","ping_status":"open","sticky":false,"template":"","format":"standard","meta":{"cybocfi_hide_featured_image":"","footnotes":""},"categories":[52,369,16,330],"tags":[568],"class_list":{"0":"post-169","1":"post","2":"type-post","3":"status-publish","4":"format-standard","5":"has-post-thumbnail","6":"hentry","7":"category-portfolio","8":"category-portfoliofornecimentos","9":"category-rcf","10":"category-restaurante","11":"tag-audio","13":"post-with-thumbnail","14":"post-with-thumbnail-large"},"aioseo_notices":[],"aioseo_head":"\n\t\t<!-- All in One SEO Pro 4.9.6.2 - aioseo.com -->\n\t<meta name=\"description\" content=\"2014 - Projeto e instala\u00e7\u00e3o de sistema de sonoriza\u00e7\u00e3o com colunas de som ambiente RCF, controladores de volume AMC e central de controlo RCF ES3160.\" \/>\n\t<meta name=\"robots\" content=\"max-image-preview:large\" \/>\n\t<meta name=\"author\" content=\"nuno vinhas\"\/>\n\t<meta name=\"google-site-verification\" content=\"V-yzxKXBUCATCiI1W_5bHMqCYZQPH0cGOGjcdwe4AHM\" \/>\n\t<link rel=\"canonical\" href=\"https:\/\/garrett.pt\/en\/restaurante-o-mercado-lisboa\/\" \/>\n\t<meta name=\"generator\" content=\"All in One SEO Pro (AIOSEO) 4.9.6.2\" \/>\n\t\t<meta property=\"og:locale\" content=\"en_GB\" \/>\n\t\t<meta property=\"og:site_name\" content=\"Garrett Audiovisuais | Projeto e Integra\u00e7\u00e3o de Sistemas Audiovisuais\" \/>\n\t\t<meta property=\"og:type\" content=\"article\" \/>\n\t\t<meta property=\"og:title\" content=\"Restaurante \u201cO Mercado\u201d, Lisboa | Garrett Audiovisuais\" \/>\n\t\t<meta property=\"og:description\" content=\"2014 - Projeto e instala\u00e7\u00e3o de sistema de sonoriza\u00e7\u00e3o com colunas de som ambiente RCF, controladores de volume AMC e central de controlo RCF ES3160.\" \/>\n\t\t<meta property=\"og:url\" content=\"https:\/\/garrett.pt\/en\/restaurante-o-mercado-lisboa\/\" \/>\n\t\t<meta property=\"og:image\" content=\"https:\/\/garrett.pt\/wp-content\/uploads\/2015\/11\/foto5_gran.jpg\" \/>\n\t\t<meta property=\"og:image:secure_url\" content=\"https:\/\/garrett.pt\/wp-content\/uploads\/2015\/11\/foto5_gran.jpg\" \/>\n\t\t<meta property=\"og:image:width\" content=\"640\" \/>\n\t\t<meta property=\"og:image:height\" content=\"425\" \/>\n\t\t<meta property=\"article:published_time\" content=\"2014-11-02T12:11:37+00:00\" \/>\n\t\t<meta property=\"article:modified_time\" content=\"2024-01-12T15:14:14+00:00\" \/>\n\t\t<meta property=\"article:publisher\" content=\"https:\/\/www.facebook.com\/garrettaudiovisuais\" \/>\n\t\t<meta name=\"twitter:card\" content=\"summary\" \/>\n\t\t<meta name=\"twitter:title\" content=\"Restaurante \u201cO Mercado\u201d, Lisboa | Garrett Audiovisuais\" \/>\n\t\t<meta name=\"twitter:description\" content=\"2014 - Projeto e instala\u00e7\u00e3o de sistema de sonoriza\u00e7\u00e3o com colunas de som ambiente RCF, controladores de volume AMC e central de controlo RCF ES3160.\" \/>\n\t\t<meta name=\"twitter:image\" content=\"https:\/\/garrett.pt\/wp-content\/uploads\/2015\/11\/foto5_gran.jpg\" \/>\n\t\t<script type=\"application\/ld+json\" class=\"aioseo-schema\">\n\t\t\t{\"@context\":\"https:\\\/\\\/schema.org\",\"@graph\":[{\"@type\":\"Article\",\"@id\":\"https:\\\/\\\/garrett.pt\\\/en\\\/restaurante-o-mercado-lisboa\\\/#article\",\"name\":\"Restaurante \\u201cO Mercado\\u201d, Lisboa | Garrett Audiovisuais\",\"headline\":\"Restaurante &#8220;O Mercado&#8221;, Lisboa\",\"author\":{\"@id\":\"https:\\\/\\\/garrett.pt\\\/en\\\/author\\\/nuno\\\/#author\"},\"publisher\":{\"@id\":\"https:\\\/\\\/garrett.pt\\\/en\\\/#organization\"},\"image\":{\"@type\":\"ImageObject\",\"url\":\"https:\\\/\\\/garrett.pt\\\/wp-content\\\/uploads\\\/2015\\\/11\\\/foto5_gran.jpg\",\"width\":640,\"height\":425,\"caption\":\"Restaurante \\\"O Mercado\\\", Lisboa\"},\"datePublished\":\"2014-11-02T12:11:37+00:00\",\"dateModified\":\"2024-01-12T15:14:14+00:00\",\"inLanguage\":\"en-GB\",\"mainEntityOfPage\":{\"@id\":\"https:\\\/\\\/garrett.pt\\\/en\\\/restaurante-o-mercado-lisboa\\\/#webpage\"},\"isPartOf\":{\"@id\":\"https:\\\/\\\/garrett.pt\\\/en\\\/restaurante-o-mercado-lisboa\\\/#webpage\"},\"articleSection\":\"Portfolio, Portfolio+Fornecimentos, RCF, Restaura\\u00e7\\u00e3o, \\u00e1udio\"},{\"@type\":\"BreadcrumbList\",\"@id\":\"https:\\\/\\\/garrett.pt\\\/en\\\/restaurante-o-mercado-lisboa\\\/#breadcrumblist\",\"itemListElement\":[{\"@type\":\"ListItem\",\"@id\":\"https:\\\/\\\/garrett.pt\\\/en#listItem\",\"position\":1,\"name\":\"Home\",\"item\":\"https:\\\/\\\/garrett.pt\\\/en\",\"nextItem\":{\"@type\":\"ListItem\",\"@id\":\"https:\\\/\\\/garrett.pt\\\/en\\\/category\\\/tipologia\\\/#listItem\",\"name\":\"Tipologia\"}},{\"@type\":\"ListItem\",\"@id\":\"https:\\\/\\\/garrett.pt\\\/en\\\/category\\\/tipologia\\\/#listItem\",\"position\":2,\"name\":\"Tipologia\",\"item\":\"https:\\\/\\\/garrett.pt\\\/en\\\/category\\\/tipologia\\\/\",\"nextItem\":{\"@type\":\"ListItem\",\"@id\":\"https:\\\/\\\/garrett.pt\\\/en\\\/category\\\/tipologia\\\/restaurante\\\/#listItem\",\"name\":\"Restaura\\u00e7\\u00e3o\"},\"previousItem\":{\"@type\":\"ListItem\",\"@id\":\"https:\\\/\\\/garrett.pt\\\/en#listItem\",\"name\":\"Home\"}},{\"@type\":\"ListItem\",\"@id\":\"https:\\\/\\\/garrett.pt\\\/en\\\/category\\\/tipologia\\\/restaurante\\\/#listItem\",\"position\":3,\"name\":\"Restaura\\u00e7\\u00e3o\",\"item\":\"https:\\\/\\\/garrett.pt\\\/en\\\/category\\\/tipologia\\\/restaurante\\\/\",\"nextItem\":{\"@type\":\"ListItem\",\"@id\":\"https:\\\/\\\/garrett.pt\\\/en\\\/restaurante-o-mercado-lisboa\\\/#listItem\",\"name\":\"Restaurante &#8220;O Mercado&#8221;, Lisboa\"},\"previousItem\":{\"@type\":\"ListItem\",\"@id\":\"https:\\\/\\\/garrett.pt\\\/en\\\/category\\\/tipologia\\\/#listItem\",\"name\":\"Tipologia\"}},{\"@type\":\"ListItem\",\"@id\":\"https:\\\/\\\/garrett.pt\\\/en\\\/restaurante-o-mercado-lisboa\\\/#listItem\",\"position\":4,\"name\":\"Restaurante &#8220;O Mercado&#8221;, Lisboa\",\"previousItem\":{\"@type\":\"ListItem\",\"@id\":\"https:\\\/\\\/garrett.pt\\\/en\\\/category\\\/tipologia\\\/restaurante\\\/#listItem\",\"name\":\"Restaura\\u00e7\\u00e3o\"}}]},{\"@type\":\"Organization\",\"@id\":\"https:\\\/\\\/garrett.pt\\\/en\\\/#organization\",\"name\":\"Garrett Audiovisuais\",\"description\":\"Projeto e Integra\\u00e7\\u00e3o de Sistemas Audiovisuais\",\"url\":\"https:\\\/\\\/garrett.pt\\\/en\\\/\",\"telephone\":\"+351214180134\",\"logo\":{\"@type\":\"ImageObject\",\"url\":\"https:\\\/\\\/garrett.pt\\\/wp-content\\\/uploads\\\/2021\\\/10\\\/1378831_10151703628399331_552396504_n.jpg\",\"@id\":\"https:\\\/\\\/garrett.pt\\\/en\\\/restaurante-o-mercado-lisboa\\\/#organizationLogo\",\"width\":650,\"height\":650},\"image\":{\"@id\":\"https:\\\/\\\/garrett.pt\\\/en\\\/restaurante-o-mercado-lisboa\\\/#organizationLogo\"},\"sameAs\":[\"https:\\\/\\\/www.facebook.com\\\/garrettaudiovisuais\",\"https:\\\/\\\/www.instagram.com\\\/garrettaudiovisuais\\\/\",\"https:\\\/\\\/www.youtube.com\\\/channel\\\/UCMLMFyCLpAQ3D4cYmzC34PQ\",\"https:\\\/\\\/www.linkedin.com\\\/company\\\/garrett-audiovisuais\",\"https:\\\/\\\/www.threads.net\\\/@garrettaudiovisuais\",\"https:\\\/\\\/bsky.app\\\/profile\\\/garrettsa.bsky.social\"]},{\"@type\":\"Person\",\"@id\":\"https:\\\/\\\/garrett.pt\\\/en\\\/author\\\/nuno\\\/#author\",\"url\":\"https:\\\/\\\/garrett.pt\\\/en\\\/author\\\/nuno\\\/\",\"name\":\"nuno vinhas\",\"image\":{\"@type\":\"ImageObject\",\"@id\":\"https:\\\/\\\/garrett.pt\\\/en\\\/restaurante-o-mercado-lisboa\\\/#authorImage\",\"url\":\"https:\\\/\\\/secure.gravatar.com\\\/avatar\\\/bfc37249150232e116bfa3a546dfe2a41ffe7da2e6bf73df5e60ced71075f588?s=96&d=mm&r=g\",\"width\":96,\"height\":96,\"caption\":\"nuno vinhas\"}},{\"@type\":\"WebPage\",\"@id\":\"https:\\\/\\\/garrett.pt\\\/en\\\/restaurante-o-mercado-lisboa\\\/#webpage\",\"url\":\"https:\\\/\\\/garrett.pt\\\/en\\\/restaurante-o-mercado-lisboa\\\/\",\"name\":\"Restaurante \\u201cO Mercado\\u201d, Lisboa | Garrett Audiovisuais\",\"description\":\"2014 - Projeto e instala\\u00e7\\u00e3o de sistema de sonoriza\\u00e7\\u00e3o com colunas de som ambiente RCF, controladores de volume AMC e central de controlo RCF ES3160.\",\"inLanguage\":\"en-GB\",\"isPartOf\":{\"@id\":\"https:\\\/\\\/garrett.pt\\\/en\\\/#website\"},\"breadcrumb\":{\"@id\":\"https:\\\/\\\/garrett.pt\\\/en\\\/restaurante-o-mercado-lisboa\\\/#breadcrumblist\"},\"author\":{\"@id\":\"https:\\\/\\\/garrett.pt\\\/en\\\/author\\\/nuno\\\/#author\"},\"creator\":{\"@id\":\"https:\\\/\\\/garrett.pt\\\/en\\\/author\\\/nuno\\\/#author\"},\"image\":{\"@type\":\"ImageObject\",\"url\":\"https:\\\/\\\/garrett.pt\\\/wp-content\\\/uploads\\\/2015\\\/11\\\/foto5_gran.jpg\",\"@id\":\"https:\\\/\\\/garrett.pt\\\/en\\\/restaurante-o-mercado-lisboa\\\/#mainImage\",\"width\":640,\"height\":425,\"caption\":\"Restaurante \\\"O Mercado\\\", Lisboa\"},\"primaryImageOfPage\":{\"@id\":\"https:\\\/\\\/garrett.pt\\\/en\\\/restaurante-o-mercado-lisboa\\\/#mainImage\"},\"datePublished\":\"2014-11-02T12:11:37+00:00\",\"dateModified\":\"2024-01-12T15:14:14+00:00\"},{\"@type\":\"WebSite\",\"@id\":\"https:\\\/\\\/garrett.pt\\\/en\\\/#website\",\"url\":\"https:\\\/\\\/garrett.pt\\\/en\\\/\",\"name\":\"Garrett Audiovisuais\",\"description\":\"Projeto e Integra\\u00e7\\u00e3o de Sistemas Audiovisuais\",\"inLanguage\":\"en-GB\",\"publisher\":{\"@id\":\"https:\\\/\\\/garrett.pt\\\/en\\\/#organization\"}}]}\n\t\t<\/script>\n\t\t<!-- All in One SEO Pro -->\r\n\t\t<title>Restaurante \u201cO Mercado\u201d, Lisboa | Garrett Audiovisuais<\/title>\n\n","aioseo_head_json":{"title":"\u201cO Mercado\u201d Restaurant, Lisbon | Garrett Audiovisuais","description":"2014 - Design and installation of a sound system with RCF surround speakers, AMC volume controllers and RCF ES3160 control center.","canonical_url":"https:\/\/garrett.pt\/en\/restaurante-o-mercado-lisboa\/","robots":"max-image-preview:large","keywords":"","webmasterTools":{"google-site-verification":"V-yzxKXBUCATCiI1W_5bHMqCYZQPH0cGOGjcdwe4AHM","miscellaneous":""},"schema":{"@context":"https:\/\/schema.org","@graph":[{"@type":"Article","@id":"https:\/\/garrett.pt\/en\/restaurante-o-mercado-lisboa\/#article","name":"Restaurante \u201cO Mercado\u201d, Lisboa | Garrett Audiovisuais","headline":"Restaurante &#8220;O Mercado&#8221;, Lisboa","author":{"@id":"https:\/\/garrett.pt\/en\/author\/nuno\/#author"},"publisher":{"@id":"https:\/\/garrett.pt\/en\/#organization"},"image":{"@type":"ImageObject","url":"https:\/\/garrett.pt\/wp-content\/uploads\/2015\/11\/foto5_gran.jpg","width":640,"height":425,"caption":"Restaurante \"O Mercado\", Lisboa"},"datePublished":"2014-11-02T12:11:37+00:00","dateModified":"2024-01-12T15:14:14+00:00","inLanguage":"en-GB","mainEntityOfPage":{"@id":"https:\/\/garrett.pt\/en\/restaurante-o-mercado-lisboa\/#webpage"},"isPartOf":{"@id":"https:\/\/garrett.pt\/en\/restaurante-o-mercado-lisboa\/#webpage"},"articleSection":"Portfolio, Portfolio+Fornecimentos, RCF, Restaura\u00e7\u00e3o, \u00e1udio"},{"@type":"BreadcrumbList","@id":"https:\/\/garrett.pt\/en\/restaurante-o-mercado-lisboa\/#breadcrumblist","itemListElement":[{"@type":"ListItem","@id":"https:\/\/garrett.pt\/en#listItem","position":1,"name":"Home","item":"https:\/\/garrett.pt\/en","nextItem":{"@type":"ListItem","@id":"https:\/\/garrett.pt\/en\/category\/tipologia\/#listItem","name":"Tipologia"}},{"@type":"ListItem","@id":"https:\/\/garrett.pt\/en\/category\/tipologia\/#listItem","position":2,"name":"Tipologia","item":"https:\/\/garrett.pt\/en\/category\/tipologia\/","nextItem":{"@type":"ListItem","@id":"https:\/\/garrett.pt\/en\/category\/tipologia\/restaurante\/#listItem","name":"Restaura\u00e7\u00e3o"},"previousItem":{"@type":"ListItem","@id":"https:\/\/garrett.pt\/en#listItem","name":"Home"}},{"@type":"ListItem","@id":"https:\/\/garrett.pt\/en\/category\/tipologia\/restaurante\/#listItem","position":3,"name":"Restaura\u00e7\u00e3o","item":"https:\/\/garrett.pt\/en\/category\/tipologia\/restaurante\/","nextItem":{"@type":"ListItem","@id":"https:\/\/garrett.pt\/en\/restaurante-o-mercado-lisboa\/#listItem","name":"Restaurante &#8220;O Mercado&#8221;, Lisboa"},"previousItem":{"@type":"ListItem","@id":"https:\/\/garrett.pt\/en\/category\/tipologia\/#listItem","name":"Tipologia"}},{"@type":"ListItem","@id":"https:\/\/garrett.pt\/en\/restaurante-o-mercado-lisboa\/#listItem","position":4,"name":"Restaurante &#8220;O Mercado&#8221;, Lisboa","previousItem":{"@type":"ListItem","@id":"https:\/\/garrett.pt\/en\/category\/tipologia\/restaurante\/#listItem","name":"Restaura\u00e7\u00e3o"}}]},{"@type":"Organization","@id":"https:\/\/garrett.pt\/en\/#organization","name":"Garrett Audiovisuais","description":"Projeto e Integra\u00e7\u00e3o de Sistemas Audiovisuais","url":"https:\/\/garrett.pt\/en\/","telephone":"+351214180134","logo":{"@type":"ImageObject","url":"https:\/\/garrett.pt\/wp-content\/uploads\/2021\/10\/1378831_10151703628399331_552396504_n.jpg","@id":"https:\/\/garrett.pt\/en\/restaurante-o-mercado-lisboa\/#organizationLogo","width":650,"height":650},"image":{"@id":"https:\/\/garrett.pt\/en\/restaurante-o-mercado-lisboa\/#organizationLogo"},"sameAs":["https:\/\/www.facebook.com\/garrettaudiovisuais","https:\/\/www.instagram.com\/garrettaudiovisuais\/","https:\/\/www.youtube.com\/channel\/UCMLMFyCLpAQ3D4cYmzC34PQ","https:\/\/www.linkedin.com\/company\/garrett-audiovisuais","https:\/\/www.threads.net\/@garrettaudiovisuais","https:\/\/bsky.app\/profile\/garrettsa.bsky.social"]},{"@type":"Person","@id":"https:\/\/garrett.pt\/en\/author\/nuno\/#author","url":"https:\/\/garrett.pt\/en\/author\/nuno\/","name":"nuno vinhas","image":{"@type":"ImageObject","@id":"https:\/\/garrett.pt\/en\/restaurante-o-mercado-lisboa\/#authorImage","url":"https:\/\/secure.gravatar.com\/avatar\/bfc37249150232e116bfa3a546dfe2a41ffe7da2e6bf73df5e60ced71075f588?s=96&d=mm&r=g","width":96,"height":96,"caption":"nuno vinhas"}},{"@type":"WebPage","@id":"https:\/\/garrett.pt\/en\/restaurante-o-mercado-lisboa\/#webpage","url":"https:\/\/garrett.pt\/en\/restaurante-o-mercado-lisboa\/","name":"Restaurante \u201cO Mercado\u201d, Lisboa | Garrett Audiovisuais","description":"2014 - Projeto e instala\u00e7\u00e3o de sistema de sonoriza\u00e7\u00e3o com colunas de som ambiente RCF, controladores de volume AMC e central de controlo RCF ES3160.","inLanguage":"en-GB","isPartOf":{"@id":"https:\/\/garrett.pt\/en\/#website"},"breadcrumb":{"@id":"https:\/\/garrett.pt\/en\/restaurante-o-mercado-lisboa\/#breadcrumblist"},"author":{"@id":"https:\/\/garrett.pt\/en\/author\/nuno\/#author"},"creator":{"@id":"https:\/\/garrett.pt\/en\/author\/nuno\/#author"},"image":{"@type":"ImageObject","url":"https:\/\/garrett.pt\/wp-content\/uploads\/2015\/11\/foto5_gran.jpg","@id":"https:\/\/garrett.pt\/en\/restaurante-o-mercado-lisboa\/#mainImage","width":640,"height":425,"caption":"Restaurante \"O Mercado\", Lisboa"},"primaryImageOfPage":{"@id":"https:\/\/garrett.pt\/en\/restaurante-o-mercado-lisboa\/#mainImage"},"datePublished":"2014-11-02T12:11:37+00:00","dateModified":"2024-01-12T15:14:14+00:00"},{"@type":"WebSite","@id":"https:\/\/garrett.pt\/en\/#website","url":"https:\/\/garrett.pt\/en\/","name":"Garrett Audiovisuais","description":"Projeto e Integra\u00e7\u00e3o de Sistemas Audiovisuais","inLanguage":"en-GB","publisher":{"@id":"https:\/\/garrett.pt\/en\/#organization"}}]},"og:locale":"en_GB","og:site_name":"Garrett Audiovisuais | Projeto e Integra\u00e7\u00e3o de Sistemas Audiovisuais","og:type":"article","og:title":"Restaurante \u201cO Mercado\u201d, Lisboa | Garrett Audiovisuais","og:description":"2014 - Projeto e instala\u00e7\u00e3o de sistema de sonoriza\u00e7\u00e3o com colunas de som ambiente RCF, controladores de volume AMC e central de controlo RCF ES3160.","og:url":"https:\/\/garrett.pt\/en\/restaurante-o-mercado-lisboa\/","og:image":"https:\/\/garrett.pt\/wp-content\/uploads\/2015\/11\/foto5_gran.jpg","og:image:secure_url":"https:\/\/garrett.pt\/wp-content\/uploads\/2015\/11\/foto5_gran.jpg","og:image:width":640,"og:image:height":425,"article:published_time":"2014-11-02T12:11:37+00:00","article:modified_time":"2024-01-12T15:14:14+00:00","article:publisher":"https:\/\/www.facebook.com\/garrettaudiovisuais","twitter:card":"summary","twitter:title":"Restaurante \u201cO Mercado\u201d, Lisboa | Garrett Audiovisuais","twitter:description":"2014 - Projeto e instala\u00e7\u00e3o de sistema de sonoriza\u00e7\u00e3o com colunas de som ambiente RCF, controladores de volume AMC e central de controlo RCF ES3160.","twitter:image":"https:\/\/garrett.pt\/wp-content\/uploads\/2015\/11\/foto5_gran.jpg"},"aioseo_meta_data":{"post_id":"169","title":null,"description":null,"keywords":null,"keyphrases":null,"primary_term":null,"canonical_url":null,"og_title":null,"og_description":null,"og_object_type":"default","og_image_type":"default","og_image_url":null,"og_image_width":null,"og_image_height":null,"og_image_custom_url":null,"og_image_custom_fields":null,"og_video":null,"og_custom_url":null,"og_article_section":null,"og_article_tags":null,"twitter_use_og":false,"twitter_card":"default","twitter_image_type":"default","twitter_image_url":null,"twitter_image_custom_url":null,"twitter_image_custom_fields":null,"twitter_title":null,"twitter_description":null,"schema":{"blockGraphs":[],"customGraphs":[],"default":{"data":{"Article":[],"Course":[],"Dataset":[],"FAQPage":[],"Movie":[],"Person":[],"Product":[],"ProductReview":[],"Car":[],"Recipe":[],"Service":[],"SoftwareApplication":[],"WebPage":[]},"graphName":"","isEnabled":true},"graphs":[],"defaultGraph":"","defaultPostTypeGraph":""},"schema_type":null,"schema_type_options":null,"pillar_content":false,"robots_default":true,"robots_noindex":false,"robots_noarchive":false,"robots_nosnippet":false,"robots_nofollow":false,"robots_noimageindex":false,"robots_noodp":false,"robots_notranslate":false,"robots_max_snippet":null,"robots_max_videopreview":null,"robots_max_imagepreview":"large","priority":null,"frequency":null,"local_seo":null,"seo_analyzer_scan_date":"2025-08-20 16:00:29","breadcrumb_settings":null,"limit_modified_date":false,"reviewed_by":null,"open_ai":null,"ai":null,"created":"2021-09-22 12:01:33","updated":"2025-08-20 16:00:29"},"aioseo_breadcrumb":"<div class=\"aioseo-breadcrumbs\"><span class=\"aioseo-breadcrumb\">\n\t<a href=\"https:\/\/garrett.pt\/en\" title=\"Home\">Home<\/a>\n<\/span><span class=\"aioseo-breadcrumb-separator\">&raquo;<\/span><span class=\"aioseo-breadcrumb\">\n\t<a href=\"https:\/\/garrett.pt\/en\/category\/tipologia\/\" title=\"Tipologia\">Tipologia<\/a>\n<\/span><span class=\"aioseo-breadcrumb-separator\">&raquo;<\/span><span class=\"aioseo-breadcrumb\">\n\t<a href=\"https:\/\/garrett.pt\/en\/category\/tipologia\/restaurante\/\" title=\"Restaura\u00e7\u00e3o\">Restaura\u00e7\u00e3o<\/a>\n<\/span><span class=\"aioseo-breadcrumb-separator\">&raquo;<\/span><span class=\"aioseo-breadcrumb\">\n\tRestaurante \u201cO Mercado\u201d, Lisboa\n<\/span><\/div>","aioseo_breadcrumb_json":[{"label":"Home","link":"https:\/\/garrett.pt\/en"},{"label":"Tipologia","link":"https:\/\/garrett.pt\/en\/category\/tipologia\/"},{"label":"Restaura\u00e7\u00e3o","link":"https:\/\/garrett.pt\/en\/category\/tipologia\/restaurante\/"},{"label":"Restaurante &#8220;O Mercado&#8221;, Lisboa","link":"https:\/\/garrett.pt\/en\/restaurante-o-mercado-lisboa\/"}],"_links":{"self":[{"href":"https:\/\/garrett.pt\/en\/wp-json\/wp\/v2\/posts\/169","targetHints":{"allow":["GET"]}}],"collection":[{"href":"https:\/\/garrett.pt\/en\/wp-json\/wp\/v2\/posts"}],"about":[{"href":"https:\/\/garrett.pt\/en\/wp-json\/wp\/v2\/types\/post"}],"author":[{"embeddable":true,"href":"https:\/\/garrett.pt\/en\/wp-json\/wp\/v2\/users\/11"}],"replies":[{"embeddable":true,"href":"https:\/\/garrett.pt\/en\/wp-json\/wp\/v2\/comments?post=169"}],"version-history":[{"count":0,"href":"https:\/\/garrett.pt\/en\/wp-json\/wp\/v2\/posts\/169\/revisions"}],"wp:featuredmedia":[{"embeddable":true,"href":"https:\/\/garrett.pt\/en\/wp-json\/wp\/v2\/media\/170"}],"wp:attachment":[{"href":"https:\/\/garrett.pt\/en\/wp-json\/wp\/v2\/media?parent=169"}],"wp:term":[{"taxonomy":"category","embeddable":true,"href":"https:\/\/garrett.pt\/en\/wp-json\/wp\/v2\/categories?post=169"},{"taxonomy":"post_tag","embeddable":true,"href":"https:\/\/garrett.pt\/en\/wp-json\/wp\/v2\/tags?post=169"}],"curies":[{"name":"wp","href":"https:\/\/api.w.org\/{rel}","templated":true}]}}