{"id":23439,"date":"2025-07-20T16:26:23","date_gmt":"2025-07-20T16:26:23","guid":{"rendered":"https:\/\/garrett.pt\/?p=23439"},"modified":"2026-01-14T12:34:49","modified_gmt":"2026-01-14T12:34:49","slug":"vagas2026","status":"publish","type":"post","link":"https:\/\/garrett.pt\/en\/vagas2026\/","title":{"rendered":"Job openings 2026"},"content":{"rendered":"<div id=\"pl-23439\"  class=\"panel-layout\" ><div id=\"pg-23439-0\"  class=\"panel-grid panel-no-style\" ><div id=\"pgc-23439-0-0\"  class=\"panel-grid-cell\" ><div id=\"panel-23439-0-0-0\" class=\"so-panel widget widget_sow-editor panel-first-child panel-last-child\" data-index=\"0\" ><div\n\t\t\t\n\t\t\tclass=\"so-widget-sow-editor so-widget-sow-editor-base\"\n\t\t\t\n\t\t>\n<div class=\"siteorigin-widget-tinymce textwidget\">\n\t<p><img loading=\"lazy\" decoding=\"async\" class=\"aligncenter size-full wp-image-23517\" src=\"https:\/\/garrett.pt\/wp-content\/uploads\/2024\/02\/title.png\" alt=\"\" width=\"1080\" height=\"362\" srcset=\"https:\/\/garrett.pt\/wp-content\/uploads\/2024\/02\/title.png 1080w, https:\/\/garrett.pt\/wp-content\/uploads\/2024\/02\/title-500x168.png 500w, https:\/\/garrett.pt\/wp-content\/uploads\/2024\/02\/title-1024x343.png 1024w, https:\/\/garrett.pt\/wp-content\/uploads\/2024\/02\/title-768x257.png 768w, https:\/\/garrett.pt\/wp-content\/uploads\/2024\/02\/title-18x6.png 18w, https:\/\/garrett.pt\/wp-content\/uploads\/2024\/02\/title-600x201.png 600w\" sizes=\"auto, (max-width: 1080px) 100vw, 1080px\" \/><\/p>\n<\/div>\n<\/div><\/div><\/div><\/div><div id=\"pg-23439-1\"  class=\"panel-grid panel-no-style\" ><div id=\"pgc-23439-1-0\"  class=\"panel-grid-cell\" ><div id=\"panel-23439-1-0-0\" class=\"so-panel widget widget_sow-editor panel-first-child panel-last-child\" data-index=\"1\" ><div\n\t\t\t\n\t\t\tclass=\"so-widget-sow-editor so-widget-sow-editor-base\"\n\t\t\t\n\t\t>\n<div class=\"siteorigin-widget-tinymce textwidget\">\n\t<h1><strong>Job openings available at Garrett SA - January 2026<\/strong><\/h1>\n<hr \/>\n<p>&nbsp;<\/p>\n<\/div>\n<\/div><\/div><\/div><\/div><div id=\"pg-23439-2\"  class=\"panel-grid panel-no-style\" ><div id=\"pgc-23439-2-0\"  class=\"panel-grid-cell\" ><div id=\"panel-23439-2-0-0\" class=\"so-panel widget widget_sow-editor panel-first-child panel-last-child\" data-index=\"2\" ><div\n\t\t\t\n\t\t\tclass=\"so-widget-sow-editor so-widget-sow-editor-base\"\n\t\t\t\n\t\t>\n<div class=\"siteorigin-widget-tinymce textwidget\">\n\t<h3 class=\"x_MsoNormal\"><b><span data-olk-copy-source=\"MessageBody\"><img loading=\"lazy\" decoding=\"async\" class=\"wp-image-28924 alignright\" src=\"https:\/\/garrett.pt\/wp-content\/uploads\/2025\/02\/comercial2000025.png\" alt=\"\" width=\"363\" height=\"206\" srcset=\"https:\/\/garrett.pt\/wp-content\/uploads\/2025\/02\/comercial2000025.png 650w, https:\/\/garrett.pt\/wp-content\/uploads\/2025\/02\/comercial2000025-500x284.png 500w, https:\/\/garrett.pt\/wp-content\/uploads\/2025\/02\/comercial2000025-18x10.png 18w, https:\/\/garrett.pt\/wp-content\/uploads\/2025\/02\/comercial2000025-600x341.png 600w\" sizes=\"auto, (max-width: 363px) 100vw, 363px\" \/><span style=\"background-color: #f18245;\">Sales Technician in the Professional Audio field (M\/F)<\/span><\/span><\/b><b><\/b><\/h3>\n<h5><span data-olk-copy-source=\"MessageBody\">We are recruiting for our Sales Department, a technician with a sales profile focused on audio equipment.<\/span><\/h5>\n<h5><strong>Some of the functions will include:<br \/>\n<\/strong><\/h5>\n<h5>Market research<br \/>\n- Analysis and preparation of technical\/commercial proposals meeting the client&#039;s needs<br \/>\n- Availability to monitor the integration of commercialized solutions<br \/>\n- Product management in the respective area<\/h5>\n<h5><strong>You must meet the following requirements:<br \/>\n<\/strong><\/h5>\n<h5>- Experience in the field<br \/>\n- Fluent in English<br \/>\n- Holder of a light driving license<br \/>\n- Availability to travel<br \/>\n- Communication capacity<br \/>\n- Team Spirit, Proactivity and Responsibility.<\/h5>\n<h5>We offer competitive salary, benefits, and integration into the company&#039;s workforce.<\/h5>\n<h3><span style=\"color: #000000;\"><strong>Please send us your application and CV to <a href=\"mailto:geral@garrett.pt\">geral@garrett.pt<\/a> with subject &quot;Vacancy - Commercial Technician in the Professional Audio area&quot;<\/strong><\/span><\/h3>\n<\/div>\n<\/div><\/div><\/div><\/div><\/div>","protected":false},"excerpt":{"rendered":"<p>Job openings available at Garrett SA \u2013 January 2026 &nbsp;<\/p>","protected":false},"author":11,"featured_media":28924,"comment_status":"closed","ping_status":"open","sticky":false,"template":"","format":"standard","meta":{"cybocfi_hide_featured_image":"yes","footnotes":""},"categories":[557,3,1],"tags":[],"class_list":{"0":"post-23439","1":"post","2":"type-post","3":"status-publish","4":"format-standard","5":"has-post-thumbnail","6":"hentry","7":"category-noticias4","8":"category-novidades","9":"category-uncategorized","11":"post-with-thumbnail","12":"post-with-thumbnail-large"},"aioseo_notices":[],"aioseo_head":"\n\t\t<!-- All in One SEO Pro 4.9.6.2 - aioseo.com -->\n\t<meta name=\"description\" content=\"Vagas de Emprego dispon\u00edveis na Garrett S.A. - Janeiro 2026 T\u00e9cnico Comercial na \u00e1rea do \u00c1udio Profissional (M\/F) Estamos a recrutar para o nosso Departamento Comercial, t\u00e9cnico com perfil de vendas orientado para equipamentos audio. Algumas da fun\u00e7\u00f5es passar\u00e3o por: - Prospec\u00e7\u00e3o de mercado - An\u00e1lise e elabora\u00e7\u00e3o de propostas t\u00e9cnico \/ comerciais atendendo \u00e0s necessidades\" \/>\n\t<meta name=\"robots\" content=\"max-image-preview:large\" \/>\n\t<meta name=\"author\" content=\"nuno vinhas\"\/>\n\t<meta name=\"google-site-verification\" content=\"V-yzxKXBUCATCiI1W_5bHMqCYZQPH0cGOGjcdwe4AHM\" \/>\n\t<link rel=\"canonical\" href=\"https:\/\/garrett.pt\/en\/vagas2026\/\" \/>\n\t<meta name=\"generator\" content=\"All in One SEO Pro (AIOSEO) 4.9.6.2\" \/>\n\t\t<meta property=\"og:locale\" content=\"en_GB\" \/>\n\t\t<meta property=\"og:site_name\" content=\"Garrett Audiovisuais | Projeto e Integra\u00e7\u00e3o de Sistemas Audiovisuais\" \/>\n\t\t<meta property=\"og:type\" content=\"article\" \/>\n\t\t<meta property=\"og:title\" content=\"Vagas de emprego 2026 | Garrett Audiovisuais\" \/>\n\t\t<meta property=\"og:description\" content=\"Vagas de Emprego dispon\u00edveis na Garrett S.A. - Janeiro 2026 T\u00e9cnico Comercial na \u00e1rea do \u00c1udio Profissional (M\/F) Estamos a recrutar para o nosso Departamento Comercial, t\u00e9cnico com perfil de vendas orientado para equipamentos audio. Algumas da fun\u00e7\u00f5es passar\u00e3o por: - Prospec\u00e7\u00e3o de mercado - An\u00e1lise e elabora\u00e7\u00e3o de propostas t\u00e9cnico \/ comerciais atendendo \u00e0s necessidades\" \/>\n\t\t<meta property=\"og:url\" content=\"https:\/\/garrett.pt\/en\/vagas2026\/\" \/>\n\t\t<meta property=\"og:image\" content=\"https:\/\/garrett.pt\/wp-content\/uploads\/2025\/02\/comercial2000025.png\" \/>\n\t\t<meta property=\"og:image:secure_url\" content=\"https:\/\/garrett.pt\/wp-content\/uploads\/2025\/02\/comercial2000025.png\" \/>\n\t\t<meta property=\"og:image:width\" content=\"650\" \/>\n\t\t<meta property=\"og:image:height\" content=\"369\" \/>\n\t\t<meta property=\"article:published_time\" content=\"2025-07-20T16:26:23+00:00\" \/>\n\t\t<meta property=\"article:modified_time\" content=\"2026-01-14T12:34:49+00:00\" \/>\n\t\t<meta property=\"article:publisher\" content=\"https:\/\/www.facebook.com\/garrettaudiovisuais\" \/>\n\t\t<meta name=\"twitter:card\" content=\"summary\" \/>\n\t\t<meta name=\"twitter:title\" content=\"Vagas de emprego 2026 | Garrett Audiovisuais\" \/>\n\t\t<meta name=\"twitter:description\" content=\"Vagas de Emprego dispon\u00edveis na Garrett S.A. - Janeiro 2026 T\u00e9cnico Comercial na \u00e1rea do \u00c1udio Profissional (M\/F) Estamos a recrutar para o nosso Departamento Comercial, t\u00e9cnico com perfil de vendas orientado para equipamentos audio. Algumas da fun\u00e7\u00f5es passar\u00e3o por: - Prospec\u00e7\u00e3o de mercado - An\u00e1lise e elabora\u00e7\u00e3o de propostas t\u00e9cnico \/ comerciais atendendo \u00e0s necessidades\" \/>\n\t\t<meta name=\"twitter:image\" content=\"https:\/\/garrett.pt\/wp-content\/uploads\/2025\/02\/comercial2000025.png\" \/>\n\t\t<script type=\"application\/ld+json\" class=\"aioseo-schema\">\n\t\t\t{\"@context\":\"https:\\\/\\\/schema.org\",\"@graph\":[{\"@type\":\"Article\",\"@id\":\"https:\\\/\\\/garrett.pt\\\/en\\\/vagas2026\\\/#article\",\"name\":\"Vagas de emprego 2026 | Garrett Audiovisuais\",\"headline\":\"Vagas de emprego 2026\",\"author\":{\"@id\":\"https:\\\/\\\/garrett.pt\\\/en\\\/author\\\/nuno\\\/#author\"},\"publisher\":{\"@id\":\"https:\\\/\\\/garrett.pt\\\/en\\\/#organization\"},\"image\":{\"@type\":\"ImageObject\",\"url\":\"https:\\\/\\\/garrett.pt\\\/wp-content\\\/uploads\\\/2025\\\/02\\\/comercial2000025.png\",\"width\":650,\"height\":369,\"caption\":\"Banner de vagas de emprego para T\\u00e9cnico Comercial\"},\"datePublished\":\"2025-07-20T16:26:23+00:00\",\"dateModified\":\"2026-01-14T12:34:49+00:00\",\"inLanguage\":\"en-GB\",\"mainEntityOfPage\":{\"@id\":\"https:\\\/\\\/garrett.pt\\\/en\\\/vagas2026\\\/#webpage\"},\"isPartOf\":{\"@id\":\"https:\\\/\\\/garrett.pt\\\/en\\\/vagas2026\\\/#webpage\"},\"articleSection\":\"Noticias4, Novidades, Uncategorized\"},{\"@type\":\"BreadcrumbList\",\"@id\":\"https:\\\/\\\/garrett.pt\\\/en\\\/vagas2026\\\/#breadcrumblist\",\"itemListElement\":[{\"@type\":\"ListItem\",\"@id\":\"https:\\\/\\\/garrett.pt\\\/en#listItem\",\"position\":1,\"name\":\"Home\",\"item\":\"https:\\\/\\\/garrett.pt\\\/en\",\"nextItem\":{\"@type\":\"ListItem\",\"@id\":\"https:\\\/\\\/garrett.pt\\\/en\\\/category\\\/uncategorized\\\/#listItem\",\"name\":\"Uncategorized\"}},{\"@type\":\"ListItem\",\"@id\":\"https:\\\/\\\/garrett.pt\\\/en\\\/category\\\/uncategorized\\\/#listItem\",\"position\":2,\"name\":\"Uncategorized\",\"item\":\"https:\\\/\\\/garrett.pt\\\/en\\\/category\\\/uncategorized\\\/\",\"nextItem\":{\"@type\":\"ListItem\",\"@id\":\"https:\\\/\\\/garrett.pt\\\/en\\\/vagas2026\\\/#listItem\",\"name\":\"Vagas de emprego 2026\"},\"previousItem\":{\"@type\":\"ListItem\",\"@id\":\"https:\\\/\\\/garrett.pt\\\/en#listItem\",\"name\":\"Home\"}},{\"@type\":\"ListItem\",\"@id\":\"https:\\\/\\\/garrett.pt\\\/en\\\/vagas2026\\\/#listItem\",\"position\":3,\"name\":\"Vagas de emprego 2026\",\"previousItem\":{\"@type\":\"ListItem\",\"@id\":\"https:\\\/\\\/garrett.pt\\\/en\\\/category\\\/uncategorized\\\/#listItem\",\"name\":\"Uncategorized\"}}]},{\"@type\":\"Organization\",\"@id\":\"https:\\\/\\\/garrett.pt\\\/en\\\/#organization\",\"name\":\"Garrett Audiovisuais\",\"description\":\"Projeto e Integra\\u00e7\\u00e3o de Sistemas Audiovisuais\",\"url\":\"https:\\\/\\\/garrett.pt\\\/en\\\/\",\"telephone\":\"+351214180134\",\"logo\":{\"@type\":\"ImageObject\",\"url\":\"https:\\\/\\\/garrett.pt\\\/wp-content\\\/uploads\\\/2021\\\/10\\\/1378831_10151703628399331_552396504_n.jpg\",\"@id\":\"https:\\\/\\\/garrett.pt\\\/en\\\/vagas2026\\\/#organizationLogo\",\"width\":650,\"height\":650},\"image\":{\"@id\":\"https:\\\/\\\/garrett.pt\\\/en\\\/vagas2026\\\/#organizationLogo\"},\"sameAs\":[\"https:\\\/\\\/www.facebook.com\\\/garrettaudiovisuais\",\"https:\\\/\\\/www.instagram.com\\\/garrettaudiovisuais\\\/\",\"https:\\\/\\\/www.youtube.com\\\/channel\\\/UCMLMFyCLpAQ3D4cYmzC34PQ\",\"https:\\\/\\\/www.linkedin.com\\\/company\\\/garrett-audiovisuais\",\"https:\\\/\\\/www.threads.net\\\/@garrettaudiovisuais\",\"https:\\\/\\\/bsky.app\\\/profile\\\/garrettsa.bsky.social\"]},{\"@type\":\"Person\",\"@id\":\"https:\\\/\\\/garrett.pt\\\/en\\\/author\\\/nuno\\\/#author\",\"url\":\"https:\\\/\\\/garrett.pt\\\/en\\\/author\\\/nuno\\\/\",\"name\":\"nuno vinhas\",\"image\":{\"@type\":\"ImageObject\",\"@id\":\"https:\\\/\\\/garrett.pt\\\/en\\\/vagas2026\\\/#authorImage\",\"url\":\"https:\\\/\\\/secure.gravatar.com\\\/avatar\\\/bfc37249150232e116bfa3a546dfe2a41ffe7da2e6bf73df5e60ced71075f588?s=96&d=mm&r=g\",\"width\":96,\"height\":96,\"caption\":\"nuno vinhas\"}},{\"@type\":\"WebPage\",\"@id\":\"https:\\\/\\\/garrett.pt\\\/en\\\/vagas2026\\\/#webpage\",\"url\":\"https:\\\/\\\/garrett.pt\\\/en\\\/vagas2026\\\/\",\"name\":\"Vagas de emprego 2026 | Garrett Audiovisuais\",\"description\":\"Vagas de Emprego dispon\\u00edveis na Garrett S.A. - Janeiro 2026 T\\u00e9cnico Comercial na \\u00e1rea do \\u00c1udio Profissional (M\\\/F) Estamos a recrutar para o nosso Departamento Comercial, t\\u00e9cnico com perfil de vendas orientado para equipamentos audio. Algumas da fun\\u00e7\\u00f5es passar\\u00e3o por: - Prospec\\u00e7\\u00e3o de mercado - An\\u00e1lise e elabora\\u00e7\\u00e3o de propostas t\\u00e9cnico \\\/ comerciais atendendo \\u00e0s necessidades\",\"inLanguage\":\"en-GB\",\"isPartOf\":{\"@id\":\"https:\\\/\\\/garrett.pt\\\/en\\\/#website\"},\"breadcrumb\":{\"@id\":\"https:\\\/\\\/garrett.pt\\\/en\\\/vagas2026\\\/#breadcrumblist\"},\"author\":{\"@id\":\"https:\\\/\\\/garrett.pt\\\/en\\\/author\\\/nuno\\\/#author\"},\"creator\":{\"@id\":\"https:\\\/\\\/garrett.pt\\\/en\\\/author\\\/nuno\\\/#author\"},\"image\":{\"@type\":\"ImageObject\",\"url\":\"https:\\\/\\\/garrett.pt\\\/wp-content\\\/uploads\\\/2025\\\/02\\\/comercial2000025.png\",\"@id\":\"https:\\\/\\\/garrett.pt\\\/en\\\/vagas2026\\\/#mainImage\",\"width\":650,\"height\":369,\"caption\":\"Banner de vagas de emprego para T\\u00e9cnico Comercial\"},\"primaryImageOfPage\":{\"@id\":\"https:\\\/\\\/garrett.pt\\\/en\\\/vagas2026\\\/#mainImage\"},\"datePublished\":\"2025-07-20T16:26:23+00:00\",\"dateModified\":\"2026-01-14T12:34:49+00:00\"},{\"@type\":\"WebSite\",\"@id\":\"https:\\\/\\\/garrett.pt\\\/en\\\/#website\",\"url\":\"https:\\\/\\\/garrett.pt\\\/en\\\/\",\"name\":\"Garrett Audiovisuais\",\"description\":\"Projeto e Integra\\u00e7\\u00e3o de Sistemas Audiovisuais\",\"inLanguage\":\"en-GB\",\"publisher\":{\"@id\":\"https:\\\/\\\/garrett.pt\\\/en\\\/#organization\"}}]}\n\t\t<\/script>\n\t\t<!-- All in One SEO Pro -->\r\n\t\t<title>Vagas de emprego 2026 | Garrett Audiovisuais<\/title>\n\n","aioseo_head_json":{"title":"Job openings 2026 | Garrett Audiovisuals","description":"Job Openings at Garrett SA - January 2026 Sales Technician in Professional Audio (M\/F) We are recruiting for our Sales Department, a technician with a sales profile focused on audio equipment. Some of the responsibilities will include: - Market prospecting - Analysis and preparation of technical\/commercial proposals meeting the needs","canonical_url":"https:\/\/garrett.pt\/en\/vagas2026\/","robots":"max-image-preview:large","keywords":"","webmasterTools":{"google-site-verification":"V-yzxKXBUCATCiI1W_5bHMqCYZQPH0cGOGjcdwe4AHM","miscellaneous":""},"schema":{"@context":"https:\/\/schema.org","@graph":[{"@type":"Article","@id":"https:\/\/garrett.pt\/en\/vagas2026\/#article","name":"Vagas de emprego 2026 | Garrett Audiovisuais","headline":"Vagas de emprego 2026","author":{"@id":"https:\/\/garrett.pt\/en\/author\/nuno\/#author"},"publisher":{"@id":"https:\/\/garrett.pt\/en\/#organization"},"image":{"@type":"ImageObject","url":"https:\/\/garrett.pt\/wp-content\/uploads\/2025\/02\/comercial2000025.png","width":650,"height":369,"caption":"Banner de vagas de emprego para T\u00e9cnico Comercial"},"datePublished":"2025-07-20T16:26:23+00:00","dateModified":"2026-01-14T12:34:49+00:00","inLanguage":"en-GB","mainEntityOfPage":{"@id":"https:\/\/garrett.pt\/en\/vagas2026\/#webpage"},"isPartOf":{"@id":"https:\/\/garrett.pt\/en\/vagas2026\/#webpage"},"articleSection":"Noticias4, Novidades, Uncategorized"},{"@type":"BreadcrumbList","@id":"https:\/\/garrett.pt\/en\/vagas2026\/#breadcrumblist","itemListElement":[{"@type":"ListItem","@id":"https:\/\/garrett.pt\/en#listItem","position":1,"name":"Home","item":"https:\/\/garrett.pt\/en","nextItem":{"@type":"ListItem","@id":"https:\/\/garrett.pt\/en\/category\/uncategorized\/#listItem","name":"Uncategorized"}},{"@type":"ListItem","@id":"https:\/\/garrett.pt\/en\/category\/uncategorized\/#listItem","position":2,"name":"Uncategorized","item":"https:\/\/garrett.pt\/en\/category\/uncategorized\/","nextItem":{"@type":"ListItem","@id":"https:\/\/garrett.pt\/en\/vagas2026\/#listItem","name":"Vagas de emprego 2026"},"previousItem":{"@type":"ListItem","@id":"https:\/\/garrett.pt\/en#listItem","name":"Home"}},{"@type":"ListItem","@id":"https:\/\/garrett.pt\/en\/vagas2026\/#listItem","position":3,"name":"Vagas de emprego 2026","previousItem":{"@type":"ListItem","@id":"https:\/\/garrett.pt\/en\/category\/uncategorized\/#listItem","name":"Uncategorized"}}]},{"@type":"Organization","@id":"https:\/\/garrett.pt\/en\/#organization","name":"Garrett Audiovisuais","description":"Projeto e Integra\u00e7\u00e3o de Sistemas Audiovisuais","url":"https:\/\/garrett.pt\/en\/","telephone":"+351214180134","logo":{"@type":"ImageObject","url":"https:\/\/garrett.pt\/wp-content\/uploads\/2021\/10\/1378831_10151703628399331_552396504_n.jpg","@id":"https:\/\/garrett.pt\/en\/vagas2026\/#organizationLogo","width":650,"height":650},"image":{"@id":"https:\/\/garrett.pt\/en\/vagas2026\/#organizationLogo"},"sameAs":["https:\/\/www.facebook.com\/garrettaudiovisuais","https:\/\/www.instagram.com\/garrettaudiovisuais\/","https:\/\/www.youtube.com\/channel\/UCMLMFyCLpAQ3D4cYmzC34PQ","https:\/\/www.linkedin.com\/company\/garrett-audiovisuais","https:\/\/www.threads.net\/@garrettaudiovisuais","https:\/\/bsky.app\/profile\/garrettsa.bsky.social"]},{"@type":"Person","@id":"https:\/\/garrett.pt\/en\/author\/nuno\/#author","url":"https:\/\/garrett.pt\/en\/author\/nuno\/","name":"nuno vinhas","image":{"@type":"ImageObject","@id":"https:\/\/garrett.pt\/en\/vagas2026\/#authorImage","url":"https:\/\/secure.gravatar.com\/avatar\/bfc37249150232e116bfa3a546dfe2a41ffe7da2e6bf73df5e60ced71075f588?s=96&d=mm&r=g","width":96,"height":96,"caption":"nuno vinhas"}},{"@type":"WebPage","@id":"https:\/\/garrett.pt\/en\/vagas2026\/#webpage","url":"https:\/\/garrett.pt\/en\/vagas2026\/","name":"Vagas de emprego 2026 | Garrett Audiovisuais","description":"Vagas de Emprego dispon\u00edveis na Garrett S.A. - Janeiro 2026 T\u00e9cnico Comercial na \u00e1rea do \u00c1udio Profissional (M\/F) Estamos a recrutar para o nosso Departamento Comercial, t\u00e9cnico com perfil de vendas orientado para equipamentos audio. Algumas da fun\u00e7\u00f5es passar\u00e3o por: - Prospec\u00e7\u00e3o de mercado - An\u00e1lise e elabora\u00e7\u00e3o de propostas t\u00e9cnico \/ comerciais atendendo \u00e0s necessidades","inLanguage":"en-GB","isPartOf":{"@id":"https:\/\/garrett.pt\/en\/#website"},"breadcrumb":{"@id":"https:\/\/garrett.pt\/en\/vagas2026\/#breadcrumblist"},"author":{"@id":"https:\/\/garrett.pt\/en\/author\/nuno\/#author"},"creator":{"@id":"https:\/\/garrett.pt\/en\/author\/nuno\/#author"},"image":{"@type":"ImageObject","url":"https:\/\/garrett.pt\/wp-content\/uploads\/2025\/02\/comercial2000025.png","@id":"https:\/\/garrett.pt\/en\/vagas2026\/#mainImage","width":650,"height":369,"caption":"Banner de vagas de emprego para T\u00e9cnico Comercial"},"primaryImageOfPage":{"@id":"https:\/\/garrett.pt\/en\/vagas2026\/#mainImage"},"datePublished":"2025-07-20T16:26:23+00:00","dateModified":"2026-01-14T12:34:49+00:00"},{"@type":"WebSite","@id":"https:\/\/garrett.pt\/en\/#website","url":"https:\/\/garrett.pt\/en\/","name":"Garrett Audiovisuais","description":"Projeto e Integra\u00e7\u00e3o de Sistemas Audiovisuais","inLanguage":"en-GB","publisher":{"@id":"https:\/\/garrett.pt\/en\/#organization"}}]},"og:locale":"en_GB","og:site_name":"Garrett Audiovisuais | Projeto e Integra\u00e7\u00e3o de Sistemas Audiovisuais","og:type":"article","og:title":"Vagas de emprego 2026 | Garrett Audiovisuais","og:description":"Vagas de Emprego dispon\u00edveis na Garrett S.A. - Janeiro 2026 T\u00e9cnico Comercial na \u00e1rea do \u00c1udio Profissional (M\/F) Estamos a recrutar para o nosso Departamento Comercial, t\u00e9cnico com perfil de vendas orientado para equipamentos audio. Algumas da fun\u00e7\u00f5es passar\u00e3o por: - Prospec\u00e7\u00e3o de mercado - An\u00e1lise e elabora\u00e7\u00e3o de propostas t\u00e9cnico \/ comerciais atendendo \u00e0s necessidades","og:url":"https:\/\/garrett.pt\/en\/vagas2026\/","og:image":"https:\/\/garrett.pt\/wp-content\/uploads\/2025\/02\/comercial2000025.png","og:image:secure_url":"https:\/\/garrett.pt\/wp-content\/uploads\/2025\/02\/comercial2000025.png","og:image:width":650,"og:image:height":369,"article:published_time":"2025-07-20T16:26:23+00:00","article:modified_time":"2026-01-14T12:34:49+00:00","article:publisher":"https:\/\/www.facebook.com\/garrettaudiovisuais","twitter:card":"summary","twitter:title":"Vagas de emprego 2026 | Garrett Audiovisuais","twitter:description":"Vagas de Emprego dispon\u00edveis na Garrett S.A. - Janeiro 2026 T\u00e9cnico Comercial na \u00e1rea do \u00c1udio Profissional (M\/F) Estamos a recrutar para o nosso Departamento Comercial, t\u00e9cnico com perfil de vendas orientado para equipamentos audio. Algumas da fun\u00e7\u00f5es passar\u00e3o por: - Prospec\u00e7\u00e3o de mercado - An\u00e1lise e elabora\u00e7\u00e3o de propostas t\u00e9cnico \/ comerciais atendendo \u00e0s necessidades","twitter:image":"https:\/\/garrett.pt\/wp-content\/uploads\/2025\/02\/comercial2000025.png"},"aioseo_meta_data":{"post_id":"23439","title":null,"description":null,"keywords":null,"keyphrases":{"focus":{"keyphrase":"emprego","score":68,"analysis":{"keyphraseInTitle":{"score":9,"maxScore":9,"error":0},"keyphraseInDescription":{"score":9,"maxScore":9,"error":0},"keyphraseLength":{"score":9,"maxScore":9,"error":0,"length":1},"keyphraseInURL":{"score":1,"maxScore":5,"error":1},"keyphraseInIntroduction":{"score":3,"maxScore":9,"error":1},"keyphraseInSubHeadings":{"score":3,"maxScore":9,"error":1},"keyphraseInImageAlt":{"score":3,"maxScore":9,"error":1},"keywordDensity":{"type":"best","score":9,"maxScore":9,"error":0}}},"additional":[]},"primary_term":null,"canonical_url":null,"og_title":null,"og_description":null,"og_object_type":"default","og_image_type":"default","og_image_url":null,"og_image_width":null,"og_image_height":null,"og_image_custom_url":null,"og_image_custom_fields":null,"og_video":"","og_custom_url":null,"og_article_section":null,"og_article_tags":null,"twitter_use_og":false,"twitter_card":"default","twitter_image_type":"default","twitter_image_url":null,"twitter_image_custom_url":null,"twitter_image_custom_fields":null,"twitter_title":null,"twitter_description":null,"schema":{"blockGraphs":[],"customGraphs":[],"default":{"data":{"Article":[],"Course":[],"Dataset":[],"FAQPage":[],"Movie":[],"Person":[],"Product":[],"ProductReview":[],"Car":[],"Recipe":[],"Service":[],"SoftwareApplication":[],"WebPage":[]},"graphName":"Article","isEnabled":true},"graphs":[]},"schema_type":"default","schema_type_options":null,"pillar_content":false,"robots_default":true,"robots_noindex":false,"robots_noarchive":false,"robots_nosnippet":false,"robots_nofollow":false,"robots_noimageindex":false,"robots_noodp":false,"robots_notranslate":false,"robots_max_snippet":"-1","robots_max_videopreview":"-1","robots_max_imagepreview":"large","priority":null,"frequency":"default","local_seo":null,"seo_analyzer_scan_date":"2026-01-14 12:38:09","breadcrumb_settings":null,"limit_modified_date":false,"reviewed_by":null,"open_ai":"{\"title\":{\"suggestions\":[],\"usage\":0},\"description\":{\"suggestions\":[],\"usage\":0}}","ai":{"faqs":[],"keyPoints":[],"titles":[],"descriptions":[],"socialPosts":{"email":[],"linkedin":[],"twitter":[],"facebook":[],"instagram":[]}},"created":"2024-02-14 14:49:26","updated":"2026-01-14 12:50:12"},"aioseo_breadcrumb":"<div class=\"aioseo-breadcrumbs\"><span class=\"aioseo-breadcrumb\">\n\t<a href=\"https:\/\/garrett.pt\/en\" title=\"Home\">Home<\/a>\n<\/span><span class=\"aioseo-breadcrumb-separator\">&raquo;<\/span><span class=\"aioseo-breadcrumb\">\n\t<a href=\"https:\/\/garrett.pt\/en\/category\/uncategorized\/\" title=\"Uncategorized\">Uncategorized<\/a>\n<\/span><span class=\"aioseo-breadcrumb-separator\">&raquo;<\/span><span class=\"aioseo-breadcrumb\">\n\tVagas de emprego 2026\n<\/span><\/div>","aioseo_breadcrumb_json":[{"label":"Home","link":"https:\/\/garrett.pt\/en"},{"label":"Uncategorized","link":"https:\/\/garrett.pt\/en\/category\/uncategorized\/"},{"label":"Vagas de emprego 2026","link":"https:\/\/garrett.pt\/en\/vagas2026\/"}],"_links":{"self":[{"href":"https:\/\/garrett.pt\/en\/wp-json\/wp\/v2\/posts\/23439","targetHints":{"allow":["GET"]}}],"collection":[{"href":"https:\/\/garrett.pt\/en\/wp-json\/wp\/v2\/posts"}],"about":[{"href":"https:\/\/garrett.pt\/en\/wp-json\/wp\/v2\/types\/post"}],"author":[{"embeddable":true,"href":"https:\/\/garrett.pt\/en\/wp-json\/wp\/v2\/users\/11"}],"replies":[{"embeddable":true,"href":"https:\/\/garrett.pt\/en\/wp-json\/wp\/v2\/comments?post=23439"}],"version-history":[{"count":0,"href":"https:\/\/garrett.pt\/en\/wp-json\/wp\/v2\/posts\/23439\/revisions"}],"wp:featuredmedia":[{"embeddable":true,"href":"https:\/\/garrett.pt\/en\/wp-json\/wp\/v2\/media\/28924"}],"wp:attachment":[{"href":"https:\/\/garrett.pt\/en\/wp-json\/wp\/v2\/media?parent=23439"}],"wp:term":[{"taxonomy":"category","embeddable":true,"href":"https:\/\/garrett.pt\/en\/wp-json\/wp\/v2\/categories?post=23439"},{"taxonomy":"post_tag","embeddable":true,"href":"https:\/\/garrett.pt\/en\/wp-json\/wp\/v2\/tags?post=23439"}],"curies":[{"name":"wp","href":"https:\/\/api.w.org\/{rel}","templated":true}]}}