{"id":240,"date":"2012-11-02T16:03:57","date_gmt":"2012-11-02T16:03:57","guid":{"rendered":"http:\/\/garrett.pt\/?p=240"},"modified":"2024-01-12T15:14:20","modified_gmt":"2024-01-12T15:14:20","slug":"museu-do-pao-seia","status":"publish","type":"post","link":"https:\/\/garrett.pt\/en\/museu-do-pao-seia\/","title":{"rendered":"\u201cBread Museum\u201d \u2013 Seia"},"content":{"rendered":"<div id=\"pl-240\"  class=\"panel-layout\" ><div id=\"pg-240-0\"  class=\"panel-grid panel-no-style\" ><div id=\"pgc-240-0-0\"  class=\"panel-grid-cell\" ><div id=\"panel-240-0-0-0\" class=\"so-panel widget widget_sow-editor panel-first-child\" data-index=\"0\" ><div\n\t\t\t\n\t\t\tclass=\"so-widget-sow-editor so-widget-sow-editor-base\"\n\t\t\t\n\t\t>\n<div class=\"siteorigin-widget-tinymce textwidget\">\n\t<p>The Bread Museum, at Quinta da Fonte do Marr\u00e3o in Seia, is a private museum where it is intended to preserve the historical legacy of bread in its various aspects.<\/p>\n<p>In partnership with Cinemall, Garrett participated this year in the museum&#039;s requalification project, with the supply and installation of various sound and light solutions.<\/p>\n<p>The public address and public address systems went through the Lab.gruppen and <strong>RCF<\/strong>. Scenic \/ architectural lighting was provided by the <strong>chauvet<\/strong> and <strong>Chroma-Q<\/strong>.<\/p>\n<p style=\"text-align: right;\"><a href=\"http:\/\/www.museudopao.pt\" target=\"_blank\">www.museudopao.pt<\/a><\/p>\n<\/div>\n<\/div><\/div><div id=\"panel-240-0-0-1\" class=\"so-panel widget widget_sow-button panel-last-child\" data-index=\"1\" ><div\n\t\t\t\n\t\t\tclass=\"so-widget-sow-button so-widget-sow-button-atom-1dc8a3aa86f9-240\"\n\t\t\t\n\t\t><div class=\"ow-button-base ow-button-align-left\"\n>\n\t\t\t<a\n\t\t\t\t\thref=\"\"\n\t\t\t\t\tclass=\"sowb-button ow-icon-placement-left ow-button-hover\" \t>\n\t\t<span>\n\t\t\t\n\t\t\t\u2190 Back to Portfolio \t\t<\/span>\n\t\t\t<\/a>\n\t<\/div>\n<\/div><\/div><\/div><\/div><\/div>","protected":false},"excerpt":{"rendered":"<p>O Museu do P\u00e3o, na Quinta da Fonte do Marr\u00e3o em Seia, \u00e9 um museu privado onde se pretende preservar o legado hist\u00f3rico do p\u00e3o [&hellip;]<\/p>\n","protected":false},"author":11,"featured_media":241,"comment_status":"open","ping_status":"open","sticky":false,"template":"","format":"standard","meta":{"cybocfi_hide_featured_image":"","footnotes":""},"categories":[32,31,352,52,369,16],"tags":[568,310],"class_list":{"0":"post-240","1":"post","2":"type-post","3":"status-publish","4":"format-standard","5":"has-post-thumbnail","6":"hentry","7":"category-chauvet","8":"category-chroma-q","9":"category-museu","10":"category-portfolio","11":"category-portfoliofornecimentos","12":"category-rcf","13":"tag-audio","14":"tag-iluminacao","16":"post-with-thumbnail","17":"post-with-thumbnail-large"},"aioseo_notices":[],"aioseo_head":"\n\t\t<!-- All in One SEO Pro 4.9.6.2 - aioseo.com -->\n\t<meta name=\"description\" content=\"O Museu do P\u00e3o, na Quinta da Fonte do Marr\u00e3o em Seia, \u00e9 um museu privado onde se pretende preservar o legado hist\u00f3rico do p\u00e3o nas suas variadas vertentes. Em parceria com a Cinemall, a Garrett participou este ano no projeto de requalifica\u00e7\u00e3o do museu, com o fornecimento e instala\u00e7\u00e3o de v\u00e1rias solu\u00e7\u00f5es de som\" \/>\n\t<meta name=\"robots\" content=\"max-image-preview:large\" \/>\n\t<meta name=\"author\" content=\"nuno vinhas\"\/>\n\t<meta name=\"google-site-verification\" content=\"V-yzxKXBUCATCiI1W_5bHMqCYZQPH0cGOGjcdwe4AHM\" \/>\n\t<link rel=\"canonical\" href=\"https:\/\/garrett.pt\/en\/museu-do-pao-seia\/\" \/>\n\t<meta name=\"generator\" content=\"All in One SEO Pro (AIOSEO) 4.9.6.2\" \/>\n\t\t<meta property=\"og:locale\" content=\"en_GB\" \/>\n\t\t<meta property=\"og:site_name\" content=\"Garrett Audiovisuais | Projeto e Integra\u00e7\u00e3o de Sistemas Audiovisuais\" \/>\n\t\t<meta property=\"og:type\" content=\"article\" \/>\n\t\t<meta property=\"og:title\" content=\"\u201cMuseu do P\u00e3o\u201d \u2013 Seia | Garrett Audiovisuais\" \/>\n\t\t<meta property=\"og:description\" content=\"O Museu do P\u00e3o, na Quinta da Fonte do Marr\u00e3o em Seia, \u00e9 um museu privado onde se pretende preservar o legado hist\u00f3rico do p\u00e3o nas suas variadas vertentes. Em parceria com a Cinemall, a Garrett participou este ano no projeto de requalifica\u00e7\u00e3o do museu, com o fornecimento e instala\u00e7\u00e3o de v\u00e1rias solu\u00e7\u00f5es de som\" \/>\n\t\t<meta property=\"og:url\" content=\"https:\/\/garrett.pt\/en\/museu-do-pao-seia\/\" \/>\n\t\t<meta property=\"og:image\" content=\"https:\/\/garrett.pt\/wp-content\/uploads\/2015\/11\/pao.jpg\" \/>\n\t\t<meta property=\"og:image:secure_url\" content=\"https:\/\/garrett.pt\/wp-content\/uploads\/2015\/11\/pao.jpg\" \/>\n\t\t<meta property=\"og:image:width\" content=\"250\" \/>\n\t\t<meta property=\"og:image:height\" content=\"160\" \/>\n\t\t<meta property=\"article:published_time\" content=\"2012-11-02T16:03:57+00:00\" \/>\n\t\t<meta property=\"article:modified_time\" content=\"2024-01-12T15:14:20+00:00\" \/>\n\t\t<meta property=\"article:publisher\" content=\"https:\/\/www.facebook.com\/garrettaudiovisuais\" \/>\n\t\t<meta name=\"twitter:card\" content=\"summary\" \/>\n\t\t<meta name=\"twitter:title\" content=\"\u201cMuseu do P\u00e3o\u201d \u2013 Seia | Garrett Audiovisuais\" \/>\n\t\t<meta name=\"twitter:description\" content=\"O Museu do P\u00e3o, na Quinta da Fonte do Marr\u00e3o em Seia, \u00e9 um museu privado onde se pretende preservar o legado hist\u00f3rico do p\u00e3o nas suas variadas vertentes. Em parceria com a Cinemall, a Garrett participou este ano no projeto de requalifica\u00e7\u00e3o do museu, com o fornecimento e instala\u00e7\u00e3o de v\u00e1rias solu\u00e7\u00f5es de som\" \/>\n\t\t<meta name=\"twitter:image\" content=\"https:\/\/garrett.pt\/wp-content\/uploads\/2015\/11\/pao.jpg\" \/>\n\t\t<script type=\"application\/ld+json\" class=\"aioseo-schema\">\n\t\t\t{\"@context\":\"https:\\\/\\\/schema.org\",\"@graph\":[{\"@type\":\"Article\",\"@id\":\"https:\\\/\\\/garrett.pt\\\/en\\\/museu-do-pao-seia\\\/#article\",\"name\":\"\\u201cMuseu do P\\u00e3o\\u201d \\u2013 Seia | Garrett Audiovisuais\",\"headline\":\"&#8220;Museu do P\\u00e3o&#8221; \\u2013 Seia\",\"author\":{\"@id\":\"https:\\\/\\\/garrett.pt\\\/en\\\/author\\\/nuno\\\/#author\"},\"publisher\":{\"@id\":\"https:\\\/\\\/garrett.pt\\\/en\\\/#organization\"},\"image\":{\"@type\":\"ImageObject\",\"url\":\"https:\\\/\\\/garrett.pt\\\/wp-content\\\/uploads\\\/2015\\\/11\\\/pao.jpg\",\"width\":250,\"height\":160,\"caption\":\"\\\"Museu do P\\u00e3o\\\" \\u2013 Seia\"},\"datePublished\":\"2012-11-02T16:03:57+00:00\",\"dateModified\":\"2024-01-12T15:14:20+00:00\",\"inLanguage\":\"en-GB\",\"mainEntityOfPage\":{\"@id\":\"https:\\\/\\\/garrett.pt\\\/en\\\/museu-do-pao-seia\\\/#webpage\"},\"isPartOf\":{\"@id\":\"https:\\\/\\\/garrett.pt\\\/en\\\/museu-do-pao-seia\\\/#webpage\"},\"articleSection\":\"Chauvet Pro, Chroma-Q, Museu \\\/ Biblioteca, Portfolio, Portfolio+Fornecimentos, RCF, \\u00e1udio, ilumina\\u00e7\\u00e3o\"},{\"@type\":\"BreadcrumbList\",\"@id\":\"https:\\\/\\\/garrett.pt\\\/en\\\/museu-do-pao-seia\\\/#breadcrumblist\",\"itemListElement\":[{\"@type\":\"ListItem\",\"@id\":\"https:\\\/\\\/garrett.pt\\\/en#listItem\",\"position\":1,\"name\":\"Home\",\"item\":\"https:\\\/\\\/garrett.pt\\\/en\",\"nextItem\":{\"@type\":\"ListItem\",\"@id\":\"https:\\\/\\\/garrett.pt\\\/en\\\/category\\\/tipologia\\\/#listItem\",\"name\":\"Tipologia\"}},{\"@type\":\"ListItem\",\"@id\":\"https:\\\/\\\/garrett.pt\\\/en\\\/category\\\/tipologia\\\/#listItem\",\"position\":2,\"name\":\"Tipologia\",\"item\":\"https:\\\/\\\/garrett.pt\\\/en\\\/category\\\/tipologia\\\/\",\"nextItem\":{\"@type\":\"ListItem\",\"@id\":\"https:\\\/\\\/garrett.pt\\\/en\\\/category\\\/tipologia\\\/museu\\\/#listItem\",\"name\":\"Museu \\\/ Biblioteca\"},\"previousItem\":{\"@type\":\"ListItem\",\"@id\":\"https:\\\/\\\/garrett.pt\\\/en#listItem\",\"name\":\"Home\"}},{\"@type\":\"ListItem\",\"@id\":\"https:\\\/\\\/garrett.pt\\\/en\\\/category\\\/tipologia\\\/museu\\\/#listItem\",\"position\":3,\"name\":\"Museu \\\/ Biblioteca\",\"item\":\"https:\\\/\\\/garrett.pt\\\/en\\\/category\\\/tipologia\\\/museu\\\/\",\"nextItem\":{\"@type\":\"ListItem\",\"@id\":\"https:\\\/\\\/garrett.pt\\\/en\\\/museu-do-pao-seia\\\/#listItem\",\"name\":\"&#8220;Museu do P\\u00e3o&#8221; \\u2013 Seia\"},\"previousItem\":{\"@type\":\"ListItem\",\"@id\":\"https:\\\/\\\/garrett.pt\\\/en\\\/category\\\/tipologia\\\/#listItem\",\"name\":\"Tipologia\"}},{\"@type\":\"ListItem\",\"@id\":\"https:\\\/\\\/garrett.pt\\\/en\\\/museu-do-pao-seia\\\/#listItem\",\"position\":4,\"name\":\"&#8220;Museu do P\\u00e3o&#8221; \\u2013 Seia\",\"previousItem\":{\"@type\":\"ListItem\",\"@id\":\"https:\\\/\\\/garrett.pt\\\/en\\\/category\\\/tipologia\\\/museu\\\/#listItem\",\"name\":\"Museu \\\/ Biblioteca\"}}]},{\"@type\":\"Organization\",\"@id\":\"https:\\\/\\\/garrett.pt\\\/en\\\/#organization\",\"name\":\"Garrett Audiovisuais\",\"description\":\"Projeto e Integra\\u00e7\\u00e3o de Sistemas Audiovisuais\",\"url\":\"https:\\\/\\\/garrett.pt\\\/en\\\/\",\"telephone\":\"+351214180134\",\"logo\":{\"@type\":\"ImageObject\",\"url\":\"https:\\\/\\\/garrett.pt\\\/wp-content\\\/uploads\\\/2021\\\/10\\\/1378831_10151703628399331_552396504_n.jpg\",\"@id\":\"https:\\\/\\\/garrett.pt\\\/en\\\/museu-do-pao-seia\\\/#organizationLogo\",\"width\":650,\"height\":650},\"image\":{\"@id\":\"https:\\\/\\\/garrett.pt\\\/en\\\/museu-do-pao-seia\\\/#organizationLogo\"},\"sameAs\":[\"https:\\\/\\\/www.facebook.com\\\/garrettaudiovisuais\",\"https:\\\/\\\/www.instagram.com\\\/garrettaudiovisuais\\\/\",\"https:\\\/\\\/www.youtube.com\\\/channel\\\/UCMLMFyCLpAQ3D4cYmzC34PQ\",\"https:\\\/\\\/www.linkedin.com\\\/company\\\/garrett-audiovisuais\",\"https:\\\/\\\/www.threads.net\\\/@garrettaudiovisuais\",\"https:\\\/\\\/bsky.app\\\/profile\\\/garrettsa.bsky.social\"]},{\"@type\":\"Person\",\"@id\":\"https:\\\/\\\/garrett.pt\\\/en\\\/author\\\/nuno\\\/#author\",\"url\":\"https:\\\/\\\/garrett.pt\\\/en\\\/author\\\/nuno\\\/\",\"name\":\"nuno vinhas\",\"image\":{\"@type\":\"ImageObject\",\"@id\":\"https:\\\/\\\/garrett.pt\\\/en\\\/museu-do-pao-seia\\\/#authorImage\",\"url\":\"https:\\\/\\\/secure.gravatar.com\\\/avatar\\\/bfc37249150232e116bfa3a546dfe2a41ffe7da2e6bf73df5e60ced71075f588?s=96&d=mm&r=g\",\"width\":96,\"height\":96,\"caption\":\"nuno vinhas\"}},{\"@type\":\"WebPage\",\"@id\":\"https:\\\/\\\/garrett.pt\\\/en\\\/museu-do-pao-seia\\\/#webpage\",\"url\":\"https:\\\/\\\/garrett.pt\\\/en\\\/museu-do-pao-seia\\\/\",\"name\":\"\\u201cMuseu do P\\u00e3o\\u201d \\u2013 Seia | Garrett Audiovisuais\",\"description\":\"O Museu do P\\u00e3o, na Quinta da Fonte do Marr\\u00e3o em Seia, \\u00e9 um museu privado onde se pretende preservar o legado hist\\u00f3rico do p\\u00e3o nas suas variadas vertentes. Em parceria com a Cinemall, a Garrett participou este ano no projeto de requalifica\\u00e7\\u00e3o do museu, com o fornecimento e instala\\u00e7\\u00e3o de v\\u00e1rias solu\\u00e7\\u00f5es de som\",\"inLanguage\":\"en-GB\",\"isPartOf\":{\"@id\":\"https:\\\/\\\/garrett.pt\\\/en\\\/#website\"},\"breadcrumb\":{\"@id\":\"https:\\\/\\\/garrett.pt\\\/en\\\/museu-do-pao-seia\\\/#breadcrumblist\"},\"author\":{\"@id\":\"https:\\\/\\\/garrett.pt\\\/en\\\/author\\\/nuno\\\/#author\"},\"creator\":{\"@id\":\"https:\\\/\\\/garrett.pt\\\/en\\\/author\\\/nuno\\\/#author\"},\"image\":{\"@type\":\"ImageObject\",\"url\":\"https:\\\/\\\/garrett.pt\\\/wp-content\\\/uploads\\\/2015\\\/11\\\/pao.jpg\",\"@id\":\"https:\\\/\\\/garrett.pt\\\/en\\\/museu-do-pao-seia\\\/#mainImage\",\"width\":250,\"height\":160,\"caption\":\"\\\"Museu do P\\u00e3o\\\" \\u2013 Seia\"},\"primaryImageOfPage\":{\"@id\":\"https:\\\/\\\/garrett.pt\\\/en\\\/museu-do-pao-seia\\\/#mainImage\"},\"datePublished\":\"2012-11-02T16:03:57+00:00\",\"dateModified\":\"2024-01-12T15:14:20+00:00\"},{\"@type\":\"WebSite\",\"@id\":\"https:\\\/\\\/garrett.pt\\\/en\\\/#website\",\"url\":\"https:\\\/\\\/garrett.pt\\\/en\\\/\",\"name\":\"Garrett Audiovisuais\",\"description\":\"Projeto e Integra\\u00e7\\u00e3o de Sistemas Audiovisuais\",\"inLanguage\":\"en-GB\",\"publisher\":{\"@id\":\"https:\\\/\\\/garrett.pt\\\/en\\\/#organization\"}}]}\n\t\t<\/script>\n\t\t<!-- All in One SEO Pro -->\r\n\t\t<title>\u201cMuseu do P\u00e3o\u201d \u2013 Seia | Garrett Audiovisuais<\/title>\n\n","aioseo_head_json":{"title":"\u201cBread Museum\u201d \u2013 Seia | Garrett Audiovisuals","description":"The Bread Museum, located at Quinta da Fonte do Marr\u00e3o in Seia, is a private museum dedicated to preserving the historical legacy of bread in its various forms. In partnership with Cinemall, Garrett participated this year in the museum&#039;s renovation project, supplying and installing various sound systems.","canonical_url":"https:\/\/garrett.pt\/en\/museu-do-pao-seia\/","robots":"max-image-preview:large","keywords":"","webmasterTools":{"google-site-verification":"V-yzxKXBUCATCiI1W_5bHMqCYZQPH0cGOGjcdwe4AHM","miscellaneous":""},"schema":{"@context":"https:\/\/schema.org","@graph":[{"@type":"Article","@id":"https:\/\/garrett.pt\/en\/museu-do-pao-seia\/#article","name":"\u201cMuseu do P\u00e3o\u201d \u2013 Seia | Garrett Audiovisuais","headline":"&#8220;Museu do P\u00e3o&#8221; \u2013 Seia","author":{"@id":"https:\/\/garrett.pt\/en\/author\/nuno\/#author"},"publisher":{"@id":"https:\/\/garrett.pt\/en\/#organization"},"image":{"@type":"ImageObject","url":"https:\/\/garrett.pt\/wp-content\/uploads\/2015\/11\/pao.jpg","width":250,"height":160,"caption":"\"Museu do P\u00e3o\" \u2013 Seia"},"datePublished":"2012-11-02T16:03:57+00:00","dateModified":"2024-01-12T15:14:20+00:00","inLanguage":"en-GB","mainEntityOfPage":{"@id":"https:\/\/garrett.pt\/en\/museu-do-pao-seia\/#webpage"},"isPartOf":{"@id":"https:\/\/garrett.pt\/en\/museu-do-pao-seia\/#webpage"},"articleSection":"Chauvet Pro, Chroma-Q, Museu \/ Biblioteca, Portfolio, Portfolio+Fornecimentos, RCF, \u00e1udio, ilumina\u00e7\u00e3o"},{"@type":"BreadcrumbList","@id":"https:\/\/garrett.pt\/en\/museu-do-pao-seia\/#breadcrumblist","itemListElement":[{"@type":"ListItem","@id":"https:\/\/garrett.pt\/en#listItem","position":1,"name":"Home","item":"https:\/\/garrett.pt\/en","nextItem":{"@type":"ListItem","@id":"https:\/\/garrett.pt\/en\/category\/tipologia\/#listItem","name":"Tipologia"}},{"@type":"ListItem","@id":"https:\/\/garrett.pt\/en\/category\/tipologia\/#listItem","position":2,"name":"Tipologia","item":"https:\/\/garrett.pt\/en\/category\/tipologia\/","nextItem":{"@type":"ListItem","@id":"https:\/\/garrett.pt\/en\/category\/tipologia\/museu\/#listItem","name":"Museu \/ Biblioteca"},"previousItem":{"@type":"ListItem","@id":"https:\/\/garrett.pt\/en#listItem","name":"Home"}},{"@type":"ListItem","@id":"https:\/\/garrett.pt\/en\/category\/tipologia\/museu\/#listItem","position":3,"name":"Museu \/ Biblioteca","item":"https:\/\/garrett.pt\/en\/category\/tipologia\/museu\/","nextItem":{"@type":"ListItem","@id":"https:\/\/garrett.pt\/en\/museu-do-pao-seia\/#listItem","name":"&#8220;Museu do P\u00e3o&#8221; \u2013 Seia"},"previousItem":{"@type":"ListItem","@id":"https:\/\/garrett.pt\/en\/category\/tipologia\/#listItem","name":"Tipologia"}},{"@type":"ListItem","@id":"https:\/\/garrett.pt\/en\/museu-do-pao-seia\/#listItem","position":4,"name":"&#8220;Museu do P\u00e3o&#8221; \u2013 Seia","previousItem":{"@type":"ListItem","@id":"https:\/\/garrett.pt\/en\/category\/tipologia\/museu\/#listItem","name":"Museu \/ Biblioteca"}}]},{"@type":"Organization","@id":"https:\/\/garrett.pt\/en\/#organization","name":"Garrett Audiovisuais","description":"Projeto e Integra\u00e7\u00e3o de Sistemas Audiovisuais","url":"https:\/\/garrett.pt\/en\/","telephone":"+351214180134","logo":{"@type":"ImageObject","url":"https:\/\/garrett.pt\/wp-content\/uploads\/2021\/10\/1378831_10151703628399331_552396504_n.jpg","@id":"https:\/\/garrett.pt\/en\/museu-do-pao-seia\/#organizationLogo","width":650,"height":650},"image":{"@id":"https:\/\/garrett.pt\/en\/museu-do-pao-seia\/#organizationLogo"},"sameAs":["https:\/\/www.facebook.com\/garrettaudiovisuais","https:\/\/www.instagram.com\/garrettaudiovisuais\/","https:\/\/www.youtube.com\/channel\/UCMLMFyCLpAQ3D4cYmzC34PQ","https:\/\/www.linkedin.com\/company\/garrett-audiovisuais","https:\/\/www.threads.net\/@garrettaudiovisuais","https:\/\/bsky.app\/profile\/garrettsa.bsky.social"]},{"@type":"Person","@id":"https:\/\/garrett.pt\/en\/author\/nuno\/#author","url":"https:\/\/garrett.pt\/en\/author\/nuno\/","name":"nuno vinhas","image":{"@type":"ImageObject","@id":"https:\/\/garrett.pt\/en\/museu-do-pao-seia\/#authorImage","url":"https:\/\/secure.gravatar.com\/avatar\/bfc37249150232e116bfa3a546dfe2a41ffe7da2e6bf73df5e60ced71075f588?s=96&d=mm&r=g","width":96,"height":96,"caption":"nuno vinhas"}},{"@type":"WebPage","@id":"https:\/\/garrett.pt\/en\/museu-do-pao-seia\/#webpage","url":"https:\/\/garrett.pt\/en\/museu-do-pao-seia\/","name":"\u201cMuseu do P\u00e3o\u201d \u2013 Seia | Garrett Audiovisuais","description":"O Museu do P\u00e3o, na Quinta da Fonte do Marr\u00e3o em Seia, \u00e9 um museu privado onde se pretende preservar o legado hist\u00f3rico do p\u00e3o nas suas variadas vertentes. Em parceria com a Cinemall, a Garrett participou este ano no projeto de requalifica\u00e7\u00e3o do museu, com o fornecimento e instala\u00e7\u00e3o de v\u00e1rias solu\u00e7\u00f5es de som","inLanguage":"en-GB","isPartOf":{"@id":"https:\/\/garrett.pt\/en\/#website"},"breadcrumb":{"@id":"https:\/\/garrett.pt\/en\/museu-do-pao-seia\/#breadcrumblist"},"author":{"@id":"https:\/\/garrett.pt\/en\/author\/nuno\/#author"},"creator":{"@id":"https:\/\/garrett.pt\/en\/author\/nuno\/#author"},"image":{"@type":"ImageObject","url":"https:\/\/garrett.pt\/wp-content\/uploads\/2015\/11\/pao.jpg","@id":"https:\/\/garrett.pt\/en\/museu-do-pao-seia\/#mainImage","width":250,"height":160,"caption":"\"Museu do P\u00e3o\" \u2013 Seia"},"primaryImageOfPage":{"@id":"https:\/\/garrett.pt\/en\/museu-do-pao-seia\/#mainImage"},"datePublished":"2012-11-02T16:03:57+00:00","dateModified":"2024-01-12T15:14:20+00:00"},{"@type":"WebSite","@id":"https:\/\/garrett.pt\/en\/#website","url":"https:\/\/garrett.pt\/en\/","name":"Garrett Audiovisuais","description":"Projeto e Integra\u00e7\u00e3o de Sistemas Audiovisuais","inLanguage":"en-GB","publisher":{"@id":"https:\/\/garrett.pt\/en\/#organization"}}]},"og:locale":"en_GB","og:site_name":"Garrett Audiovisuais | Projeto e Integra\u00e7\u00e3o de Sistemas Audiovisuais","og:type":"article","og:title":"\u201cMuseu do P\u00e3o\u201d \u2013 Seia | Garrett Audiovisuais","og:description":"O Museu do P\u00e3o, na Quinta da Fonte do Marr\u00e3o em Seia, \u00e9 um museu privado onde se pretende preservar o legado hist\u00f3rico do p\u00e3o nas suas variadas vertentes. Em parceria com a Cinemall, a Garrett participou este ano no projeto de requalifica\u00e7\u00e3o do museu, com o fornecimento e instala\u00e7\u00e3o de v\u00e1rias solu\u00e7\u00f5es de som","og:url":"https:\/\/garrett.pt\/en\/museu-do-pao-seia\/","og:image":"https:\/\/garrett.pt\/wp-content\/uploads\/2015\/11\/pao.jpg","og:image:secure_url":"https:\/\/garrett.pt\/wp-content\/uploads\/2015\/11\/pao.jpg","og:image:width":250,"og:image:height":160,"article:published_time":"2012-11-02T16:03:57+00:00","article:modified_time":"2024-01-12T15:14:20+00:00","article:publisher":"https:\/\/www.facebook.com\/garrettaudiovisuais","twitter:card":"summary","twitter:title":"\u201cMuseu do P\u00e3o\u201d \u2013 Seia | Garrett Audiovisuais","twitter:description":"O Museu do P\u00e3o, na Quinta da Fonte do Marr\u00e3o em Seia, \u00e9 um museu privado onde se pretende preservar o legado hist\u00f3rico do p\u00e3o nas suas variadas vertentes. Em parceria com a Cinemall, a Garrett participou este ano no projeto de requalifica\u00e7\u00e3o do museu, com o fornecimento e instala\u00e7\u00e3o de v\u00e1rias solu\u00e7\u00f5es de som","twitter:image":"https:\/\/garrett.pt\/wp-content\/uploads\/2015\/11\/pao.jpg"},"aioseo_meta_data":{"post_id":"240","title":null,"description":null,"keywords":null,"keyphrases":null,"primary_term":null,"canonical_url":null,"og_title":null,"og_description":null,"og_object_type":"default","og_image_type":"default","og_image_url":null,"og_image_width":null,"og_image_height":null,"og_image_custom_url":null,"og_image_custom_fields":null,"og_video":null,"og_custom_url":null,"og_article_section":null,"og_article_tags":null,"twitter_use_og":false,"twitter_card":"default","twitter_image_type":"default","twitter_image_url":null,"twitter_image_custom_url":null,"twitter_image_custom_fields":null,"twitter_title":null,"twitter_description":null,"schema":{"blockGraphs":[],"customGraphs":[],"default":{"data":{"Article":[],"Course":[],"Dataset":[],"FAQPage":[],"Movie":[],"Person":[],"Product":[],"ProductReview":[],"Car":[],"Recipe":[],"Service":[],"SoftwareApplication":[],"WebPage":[]},"graphName":"","isEnabled":true},"graphs":[],"defaultGraph":"","defaultPostTypeGraph":""},"schema_type":null,"schema_type_options":null,"pillar_content":false,"robots_default":true,"robots_noindex":false,"robots_noarchive":false,"robots_nosnippet":false,"robots_nofollow":false,"robots_noimageindex":false,"robots_noodp":false,"robots_notranslate":false,"robots_max_snippet":null,"robots_max_videopreview":null,"robots_max_imagepreview":"large","priority":null,"frequency":null,"local_seo":null,"seo_analyzer_scan_date":"2025-08-20 15:45:03","breadcrumb_settings":null,"limit_modified_date":false,"reviewed_by":null,"open_ai":null,"ai":null,"created":"2021-09-22 11:59:15","updated":"2025-08-20 15:45:03"},"aioseo_breadcrumb":"<div class=\"aioseo-breadcrumbs\"><span class=\"aioseo-breadcrumb\">\n\t<a href=\"https:\/\/garrett.pt\/en\" title=\"Home\">Home<\/a>\n<\/span><span class=\"aioseo-breadcrumb-separator\">&raquo;<\/span><span class=\"aioseo-breadcrumb\">\n\t<a href=\"https:\/\/garrett.pt\/en\/category\/tipologia\/\" title=\"Tipologia\">Tipologia<\/a>\n<\/span><span class=\"aioseo-breadcrumb-separator\">&raquo;<\/span><span class=\"aioseo-breadcrumb\">\n\t<a href=\"https:\/\/garrett.pt\/en\/category\/tipologia\/museu\/\" title=\"Museu \/ Biblioteca\">Museu \/ Biblioteca<\/a>\n<\/span><span class=\"aioseo-breadcrumb-separator\">&raquo;<\/span><span class=\"aioseo-breadcrumb\">\n\t\u201cMuseu do P\u00e3o\u201d \u2013 Seia\n<\/span><\/div>","aioseo_breadcrumb_json":[{"label":"Home","link":"https:\/\/garrett.pt\/en"},{"label":"Tipologia","link":"https:\/\/garrett.pt\/en\/category\/tipologia\/"},{"label":"Museu \/ Biblioteca","link":"https:\/\/garrett.pt\/en\/category\/tipologia\/museu\/"},{"label":"&#8220;Museu do P\u00e3o&#8221; \u2013 Seia","link":"https:\/\/garrett.pt\/en\/museu-do-pao-seia\/"}],"_links":{"self":[{"href":"https:\/\/garrett.pt\/en\/wp-json\/wp\/v2\/posts\/240","targetHints":{"allow":["GET"]}}],"collection":[{"href":"https:\/\/garrett.pt\/en\/wp-json\/wp\/v2\/posts"}],"about":[{"href":"https:\/\/garrett.pt\/en\/wp-json\/wp\/v2\/types\/post"}],"author":[{"embeddable":true,"href":"https:\/\/garrett.pt\/en\/wp-json\/wp\/v2\/users\/11"}],"replies":[{"embeddable":true,"href":"https:\/\/garrett.pt\/en\/wp-json\/wp\/v2\/comments?post=240"}],"version-history":[{"count":0,"href":"https:\/\/garrett.pt\/en\/wp-json\/wp\/v2\/posts\/240\/revisions"}],"wp:featuredmedia":[{"embeddable":true,"href":"https:\/\/garrett.pt\/en\/wp-json\/wp\/v2\/media\/241"}],"wp:attachment":[{"href":"https:\/\/garrett.pt\/en\/wp-json\/wp\/v2\/media?parent=240"}],"wp:term":[{"taxonomy":"category","embeddable":true,"href":"https:\/\/garrett.pt\/en\/wp-json\/wp\/v2\/categories?post=240"},{"taxonomy":"post_tag","embeddable":true,"href":"https:\/\/garrett.pt\/en\/wp-json\/wp\/v2\/tags?post=240"}],"curies":[{"name":"wp","href":"https:\/\/api.w.org\/{rel}","templated":true}]}}