{"id":3141,"date":"2015-05-27T11:48:37","date_gmt":"2015-05-27T11:48:37","guid":{"rendered":"http:\/\/garrett.pt\/?p=3141"},"modified":"2021-07-30T14:39:38","modified_gmt":"2021-07-30T14:39:38","slug":"3m-portugal","status":"publish","type":"post","link":"https:\/\/garrett.pt\/en\/3m-portugal\/","title":{"rendered":"3M Portugal"},"content":{"rendered":"<div id=\"pl-3141\"  class=\"panel-layout\" ><div id=\"pg-3141-0\"  class=\"panel-grid panel-no-style\" ><div id=\"pgc-3141-0-0\"  class=\"panel-grid-cell\" ><div id=\"panel-3141-0-0-0\" class=\"so-panel widget widget_sow-editor panel-first-child\" data-index=\"0\" ><div\n\t\t\t\n\t\t\tclass=\"so-widget-sow-editor so-widget-sow-editor-base\"\n\t\t\t\n\t\t>\n<div class=\"siteorigin-widget-tinymce textwidget\">\n\t<p>The renovated facilities of 3M Portugal, in Parque das Na\u00e7\u00f5es, are characterized by a sophisticated, relaxed space, where the collaborative spirit is fully breathed.<\/p>\n<p>Garrett participated in this project with the supply and installation of wall monitors for the meeting rooms, Beyerdynamic microphones for speakers and the integration of various multimedia equipment with the videoconferencing system.<\/p>\n<p>http:\/\/www.3m.com.pt\/<\/p>\n<p><style type=\"text\/css\">\n\t\t\t#gallery-1 {\n\t\t\t\tmargin: auto;\n\t\t\t}\n\t\t\t#gallery-1 .gallery-item {\n\t\t\t\tfloat: left;\n\t\t\t\tmargin-top: 10px;\n\t\t\t\ttext-align: center;\n\t\t\t\twidth: 33%;\n\t\t\t}\n\t\t\t#gallery-1 img {\n\t\t\t\tborder: 2px solid #cfcfcf;\n\t\t\t}\n\t\t\t#gallery-1 .gallery-caption {\n\t\t\t\tmargin-left: 0;\n\t\t\t}\n\t\t\t\/* see gallery_shortcode() in wp-includes\/media.php *\/\n\t\t<\/style>\n<div id='gallery-1' class='gallery galleryid-3141 gallery-columns-3 gallery-size-full'>\n<dl class='gallery-item'>\n<dt class='gallery-icon landscape'>\n\t\t\t\t<img loading=\"lazy\" decoding=\"async\" width=\"254\" height=\"169\" src=\"https:\/\/garrett.pt\/wp-content\/uploads\/2015\/05\/IMG_9298.jpg\" class=\"attachment-full size-full\" alt=\"\" srcset=\"https:\/\/garrett.pt\/wp-content\/uploads\/2015\/05\/IMG_9298.jpg 254w, https:\/\/garrett.pt\/wp-content\/uploads\/2015\/05\/IMG_9298-24x16.jpg 24w, https:\/\/garrett.pt\/wp-content\/uploads\/2015\/05\/IMG_9298-36x24.jpg 36w, https:\/\/garrett.pt\/wp-content\/uploads\/2015\/05\/IMG_9298-48x32.jpg 48w\" sizes=\"auto, (max-width: 254px) 100vw, 254px\" \/>\n\t\t\t<\/dt>\n<\/dl>\n<dl class='gallery-item'>\n<dt class='gallery-icon landscape'>\n\t\t\t\t<img loading=\"lazy\" decoding=\"async\" width=\"254\" height=\"169\" src=\"https:\/\/garrett.pt\/wp-content\/uploads\/2015\/05\/IMG_1300.jpg\" class=\"attachment-full size-full\" alt=\"\" srcset=\"https:\/\/garrett.pt\/wp-content\/uploads\/2015\/05\/IMG_1300.jpg 254w, https:\/\/garrett.pt\/wp-content\/uploads\/2015\/05\/IMG_1300-24x16.jpg 24w, https:\/\/garrett.pt\/wp-content\/uploads\/2015\/05\/IMG_1300-36x24.jpg 36w, https:\/\/garrett.pt\/wp-content\/uploads\/2015\/05\/IMG_1300-48x32.jpg 48w\" sizes=\"auto, (max-width: 254px) 100vw, 254px\" \/>\n\t\t\t<\/dt>\n<\/dl>\n<dl class='gallery-item'>\n<dt class='gallery-icon landscape'>\n\t\t\t\t<img loading=\"lazy\" decoding=\"async\" width=\"254\" height=\"169\" src=\"https:\/\/garrett.pt\/wp-content\/uploads\/2015\/05\/IMG_1301.jpg\" class=\"attachment-full size-full\" alt=\"\" srcset=\"https:\/\/garrett.pt\/wp-content\/uploads\/2015\/05\/IMG_1301.jpg 254w, https:\/\/garrett.pt\/wp-content\/uploads\/2015\/05\/IMG_1301-24x16.jpg 24w, https:\/\/garrett.pt\/wp-content\/uploads\/2015\/05\/IMG_1301-36x24.jpg 36w, https:\/\/garrett.pt\/wp-content\/uploads\/2015\/05\/IMG_1301-48x32.jpg 48w\" sizes=\"auto, (max-width: 254px) 100vw, 254px\" \/>\n\t\t\t<\/dt>\n<\/dl>\n<p><br style=\"clear: both\" \/><\/p>\n<dl class='gallery-item'>\n<dt class='gallery-icon landscape'>\n\t\t\t\t<img loading=\"lazy\" decoding=\"async\" width=\"254\" height=\"169\" src=\"https:\/\/garrett.pt\/wp-content\/uploads\/2015\/05\/3m_06.jpg\" class=\"attachment-full size-full\" alt=\"\" srcset=\"https:\/\/garrett.pt\/wp-content\/uploads\/2015\/05\/3m_06.jpg 254w, https:\/\/garrett.pt\/wp-content\/uploads\/2015\/05\/3m_06-24x16.jpg 24w, https:\/\/garrett.pt\/wp-content\/uploads\/2015\/05\/3m_06-36x24.jpg 36w, https:\/\/garrett.pt\/wp-content\/uploads\/2015\/05\/3m_06-48x32.jpg 48w\" sizes=\"auto, (max-width: 254px) 100vw, 254px\" \/>\n\t\t\t<\/dt>\n<\/dl>\n<dl class='gallery-item'>\n<dt class='gallery-icon landscape'>\n\t\t\t\t<img loading=\"lazy\" decoding=\"async\" width=\"254\" height=\"169\" src=\"https:\/\/garrett.pt\/wp-content\/uploads\/2015\/05\/IMG_1426.jpg\" class=\"attachment-full size-full\" alt=\"\" srcset=\"https:\/\/garrett.pt\/wp-content\/uploads\/2015\/05\/IMG_1426.jpg 254w, https:\/\/garrett.pt\/wp-content\/uploads\/2015\/05\/IMG_1426-24x16.jpg 24w, https:\/\/garrett.pt\/wp-content\/uploads\/2015\/05\/IMG_1426-36x24.jpg 36w, https:\/\/garrett.pt\/wp-content\/uploads\/2015\/05\/IMG_1426-48x32.jpg 48w\" sizes=\"auto, (max-width: 254px) 100vw, 254px\" \/>\n\t\t\t<\/dt>\n<\/dl>\n<dl class='gallery-item'>\n<dt class='gallery-icon landscape'>\n\t\t\t\t<img loading=\"lazy\" decoding=\"async\" width=\"254\" height=\"169\" src=\"https:\/\/garrett.pt\/wp-content\/uploads\/2015\/05\/IMG_1438.jpg\" class=\"attachment-full size-full\" alt=\"\" srcset=\"https:\/\/garrett.pt\/wp-content\/uploads\/2015\/05\/IMG_1438.jpg 254w, https:\/\/garrett.pt\/wp-content\/uploads\/2015\/05\/IMG_1438-24x16.jpg 24w, https:\/\/garrett.pt\/wp-content\/uploads\/2015\/05\/IMG_1438-36x24.jpg 36w, https:\/\/garrett.pt\/wp-content\/uploads\/2015\/05\/IMG_1438-48x32.jpg 48w\" sizes=\"auto, (max-width: 254px) 100vw, 254px\" \/>\n\t\t\t<\/dt>\n<\/dl>\n<p><br style=\"clear: both\" \/><\/p>\n<dl class='gallery-item'>\n<dt class='gallery-icon landscape'>\n\t\t\t\t<img loading=\"lazy\" decoding=\"async\" width=\"254\" height=\"169\" src=\"https:\/\/garrett.pt\/wp-content\/uploads\/2015\/05\/3m_07.jpg\" class=\"attachment-full size-full\" alt=\"\" srcset=\"https:\/\/garrett.pt\/wp-content\/uploads\/2015\/05\/3m_07.jpg 254w, https:\/\/garrett.pt\/wp-content\/uploads\/2015\/05\/3m_07-24x16.jpg 24w, https:\/\/garrett.pt\/wp-content\/uploads\/2015\/05\/3m_07-36x24.jpg 36w, https:\/\/garrett.pt\/wp-content\/uploads\/2015\/05\/3m_07-48x32.jpg 48w\" sizes=\"auto, (max-width: 254px) 100vw, 254px\" \/>\n\t\t\t<\/dt>\n<\/dl>\n<dl class='gallery-item'>\n<dt class='gallery-icon landscape'>\n\t\t\t\t<img loading=\"lazy\" decoding=\"async\" width=\"254\" height=\"169\" src=\"https:\/\/garrett.pt\/wp-content\/uploads\/2015\/05\/IMG_1441.jpg\" class=\"attachment-full size-full\" alt=\"\" srcset=\"https:\/\/garrett.pt\/wp-content\/uploads\/2015\/05\/IMG_1441.jpg 254w, https:\/\/garrett.pt\/wp-content\/uploads\/2015\/05\/IMG_1441-24x16.jpg 24w, https:\/\/garrett.pt\/wp-content\/uploads\/2015\/05\/IMG_1441-36x24.jpg 36w, https:\/\/garrett.pt\/wp-content\/uploads\/2015\/05\/IMG_1441-48x32.jpg 48w\" sizes=\"auto, (max-width: 254px) 100vw, 254px\" \/>\n\t\t\t<\/dt>\n<\/dl>\n<p>\t\t\t<br style='clear: both' \/>\n\t\t<\/div>\n<\/p>\n<p><\/p>\n<\/div>\n<\/div><\/div><div id=\"panel-3141-0-0-1\" class=\"so-panel widget widget_sow-button panel-last-child\" data-index=\"1\" ><div\n\t\t\t\n\t\t\tclass=\"so-widget-sow-button so-widget-sow-button-atom-1dc8a3aa86f9-3141\"\n\t\t\t\n\t\t><div class=\"ow-button-base ow-button-align-left\"\n>\n\t\t\t<a\n\t\t\t\t\thref=\"\"\n\t\t\t\t\tclass=\"sowb-button ow-icon-placement-left ow-button-hover\" \t>\n\t\t<span>\n\t\t\t\n\t\t\t\u2190 Back to Portfolio \t\t<\/span>\n\t\t\t<\/a>\n\t<\/div>\n<\/div><\/div><\/div><\/div><\/div>","protected":false},"excerpt":{"rendered":"<p>2015 \u2013 The renovated facilities of 3M Portugal, in Parque das Na\u00e7\u00f5es, are characterized by a sophisticated, relaxed space, where the collaborative spirit is fully breathed.<\/p>","protected":false},"author":11,"featured_media":3260,"comment_status":"closed","ping_status":"open","sticky":false,"template":"","format":"standard","meta":{"cybocfi_hide_featured_image":"","footnotes":""},"categories":[348,46,52,369],"tags":[],"class_list":{"0":"post-3141","1":"post","2":"type-post","3":"status-publish","4":"format-standard","5":"has-post-thumbnail","6":"hentry","7":"category-escritorio","8":"category-outras-marcas","9":"category-portfolio","10":"category-portfoliofornecimentos","12":"post-with-thumbnail","13":"post-with-thumbnail-large"},"aioseo_notices":[],"aioseo_head":"\n\t\t<!-- All in One SEO Pro 4.9.6.2 - aioseo.com -->\n\t<meta name=\"description\" content=\"2015 - As renovadas instala\u00e7\u00f5es da 3M Portugal, no Parque das Na\u00e7\u00f5es, caracterizam-se por um espa\u00e7o sofisticado, descontra\u00eddo, onde se respira em pleno o espirito colaborativo.\" \/>\n\t<meta name=\"robots\" content=\"max-image-preview:large\" \/>\n\t<meta name=\"author\" content=\"nuno vinhas\"\/>\n\t<meta name=\"google-site-verification\" content=\"V-yzxKXBUCATCiI1W_5bHMqCYZQPH0cGOGjcdwe4AHM\" \/>\n\t<link rel=\"canonical\" href=\"https:\/\/garrett.pt\/en\/3m-portugal\/\" \/>\n\t<meta name=\"generator\" content=\"All in One SEO Pro (AIOSEO) 4.9.6.2\" \/>\n\t\t<meta property=\"og:locale\" content=\"en_GB\" \/>\n\t\t<meta property=\"og:site_name\" content=\"Garrett Audiovisuais | Projeto e Integra\u00e7\u00e3o de Sistemas Audiovisuais\" \/>\n\t\t<meta property=\"og:type\" content=\"article\" \/>\n\t\t<meta property=\"og:title\" content=\"3M Portugal | Garrett Audiovisuais\" \/>\n\t\t<meta property=\"og:description\" content=\"2015 - As renovadas instala\u00e7\u00f5es da 3M Portugal, no Parque das Na\u00e7\u00f5es, caracterizam-se por um espa\u00e7o sofisticado, descontra\u00eddo, onde se respira em pleno o espirito colaborativo.\" \/>\n\t\t<meta property=\"og:url\" content=\"https:\/\/garrett.pt\/en\/3m-portugal\/\" \/>\n\t\t<meta property=\"og:image\" content=\"https:\/\/garrett.pt\/wp-content\/uploads\/2015\/05\/3m.jpg\" \/>\n\t\t<meta property=\"og:image:secure_url\" content=\"https:\/\/garrett.pt\/wp-content\/uploads\/2015\/05\/3m.jpg\" \/>\n\t\t<meta property=\"og:image:width\" content=\"770\" \/>\n\t\t<meta property=\"og:image:height\" content=\"406\" \/>\n\t\t<meta property=\"article:published_time\" content=\"2015-05-27T11:48:37+00:00\" \/>\n\t\t<meta property=\"article:modified_time\" content=\"2021-07-30T14:39:38+00:00\" \/>\n\t\t<meta property=\"article:publisher\" content=\"https:\/\/www.facebook.com\/garrettaudiovisuais\" \/>\n\t\t<meta name=\"twitter:card\" content=\"summary\" \/>\n\t\t<meta name=\"twitter:title\" content=\"3M Portugal | Garrett Audiovisuais\" \/>\n\t\t<meta name=\"twitter:description\" content=\"2015 - As renovadas instala\u00e7\u00f5es da 3M Portugal, no Parque das Na\u00e7\u00f5es, caracterizam-se por um espa\u00e7o sofisticado, descontra\u00eddo, onde se respira em pleno o espirito colaborativo.\" \/>\n\t\t<meta name=\"twitter:image\" content=\"https:\/\/garrett.pt\/wp-content\/uploads\/2015\/05\/3m.jpg\" \/>\n\t\t<script type=\"application\/ld+json\" class=\"aioseo-schema\">\n\t\t\t{\"@context\":\"https:\\\/\\\/schema.org\",\"@graph\":[{\"@type\":\"Article\",\"@id\":\"https:\\\/\\\/garrett.pt\\\/en\\\/3m-portugal\\\/#article\",\"name\":\"3M Portugal | Garrett Audiovisuais\",\"headline\":\"3M Portugal\",\"author\":{\"@id\":\"https:\\\/\\\/garrett.pt\\\/en\\\/author\\\/nuno\\\/#author\"},\"publisher\":{\"@id\":\"https:\\\/\\\/garrett.pt\\\/en\\\/#organization\"},\"image\":{\"@type\":\"ImageObject\",\"url\":\"https:\\\/\\\/garrett.pt\\\/wp-content\\\/uploads\\\/2015\\\/05\\\/3m.jpg\",\"width\":770,\"height\":406},\"datePublished\":\"2015-05-27T11:48:37+00:00\",\"dateModified\":\"2021-07-30T14:39:38+00:00\",\"inLanguage\":\"en-GB\",\"mainEntityOfPage\":{\"@id\":\"https:\\\/\\\/garrett.pt\\\/en\\\/3m-portugal\\\/#webpage\"},\"isPartOf\":{\"@id\":\"https:\\\/\\\/garrett.pt\\\/en\\\/3m-portugal\\\/#webpage\"},\"articleSection\":\"Escrit\\u00f3rio \\\/ Sala de Reuni\\u00e3o, Outras Marcas, Portfolio, Portfolio+Fornecimentos\"},{\"@type\":\"BreadcrumbList\",\"@id\":\"https:\\\/\\\/garrett.pt\\\/en\\\/3m-portugal\\\/#breadcrumblist\",\"itemListElement\":[{\"@type\":\"ListItem\",\"@id\":\"https:\\\/\\\/garrett.pt\\\/en#listItem\",\"position\":1,\"name\":\"Home\",\"item\":\"https:\\\/\\\/garrett.pt\\\/en\",\"nextItem\":{\"@type\":\"ListItem\",\"@id\":\"https:\\\/\\\/garrett.pt\\\/en\\\/category\\\/tipologia\\\/#listItem\",\"name\":\"Tipologia\"}},{\"@type\":\"ListItem\",\"@id\":\"https:\\\/\\\/garrett.pt\\\/en\\\/category\\\/tipologia\\\/#listItem\",\"position\":2,\"name\":\"Tipologia\",\"item\":\"https:\\\/\\\/garrett.pt\\\/en\\\/category\\\/tipologia\\\/\",\"nextItem\":{\"@type\":\"ListItem\",\"@id\":\"https:\\\/\\\/garrett.pt\\\/en\\\/category\\\/tipologia\\\/escritorio\\\/#listItem\",\"name\":\"Escrit\\u00f3rio \\\/ Sala de Reuni\\u00e3o\"},\"previousItem\":{\"@type\":\"ListItem\",\"@id\":\"https:\\\/\\\/garrett.pt\\\/en#listItem\",\"name\":\"Home\"}},{\"@type\":\"ListItem\",\"@id\":\"https:\\\/\\\/garrett.pt\\\/en\\\/category\\\/tipologia\\\/escritorio\\\/#listItem\",\"position\":3,\"name\":\"Escrit\\u00f3rio \\\/ Sala de Reuni\\u00e3o\",\"item\":\"https:\\\/\\\/garrett.pt\\\/en\\\/category\\\/tipologia\\\/escritorio\\\/\",\"nextItem\":{\"@type\":\"ListItem\",\"@id\":\"https:\\\/\\\/garrett.pt\\\/en\\\/3m-portugal\\\/#listItem\",\"name\":\"3M Portugal\"},\"previousItem\":{\"@type\":\"ListItem\",\"@id\":\"https:\\\/\\\/garrett.pt\\\/en\\\/category\\\/tipologia\\\/#listItem\",\"name\":\"Tipologia\"}},{\"@type\":\"ListItem\",\"@id\":\"https:\\\/\\\/garrett.pt\\\/en\\\/3m-portugal\\\/#listItem\",\"position\":4,\"name\":\"3M Portugal\",\"previousItem\":{\"@type\":\"ListItem\",\"@id\":\"https:\\\/\\\/garrett.pt\\\/en\\\/category\\\/tipologia\\\/escritorio\\\/#listItem\",\"name\":\"Escrit\\u00f3rio \\\/ Sala de Reuni\\u00e3o\"}}]},{\"@type\":\"Organization\",\"@id\":\"https:\\\/\\\/garrett.pt\\\/en\\\/#organization\",\"name\":\"Garrett Audiovisuais\",\"description\":\"Projeto e Integra\\u00e7\\u00e3o de Sistemas Audiovisuais\",\"url\":\"https:\\\/\\\/garrett.pt\\\/en\\\/\",\"telephone\":\"+351214180134\",\"logo\":{\"@type\":\"ImageObject\",\"url\":\"https:\\\/\\\/garrett.pt\\\/wp-content\\\/uploads\\\/2021\\\/10\\\/1378831_10151703628399331_552396504_n.jpg\",\"@id\":\"https:\\\/\\\/garrett.pt\\\/en\\\/3m-portugal\\\/#organizationLogo\",\"width\":650,\"height\":650},\"image\":{\"@id\":\"https:\\\/\\\/garrett.pt\\\/en\\\/3m-portugal\\\/#organizationLogo\"},\"sameAs\":[\"https:\\\/\\\/www.facebook.com\\\/garrettaudiovisuais\",\"https:\\\/\\\/www.instagram.com\\\/garrettaudiovisuais\\\/\",\"https:\\\/\\\/www.youtube.com\\\/channel\\\/UCMLMFyCLpAQ3D4cYmzC34PQ\",\"https:\\\/\\\/www.linkedin.com\\\/company\\\/garrett-audiovisuais\",\"https:\\\/\\\/www.threads.net\\\/@garrettaudiovisuais\",\"https:\\\/\\\/bsky.app\\\/profile\\\/garrettsa.bsky.social\"]},{\"@type\":\"Person\",\"@id\":\"https:\\\/\\\/garrett.pt\\\/en\\\/author\\\/nuno\\\/#author\",\"url\":\"https:\\\/\\\/garrett.pt\\\/en\\\/author\\\/nuno\\\/\",\"name\":\"nuno vinhas\",\"image\":{\"@type\":\"ImageObject\",\"@id\":\"https:\\\/\\\/garrett.pt\\\/en\\\/3m-portugal\\\/#authorImage\",\"url\":\"https:\\\/\\\/secure.gravatar.com\\\/avatar\\\/bfc37249150232e116bfa3a546dfe2a41ffe7da2e6bf73df5e60ced71075f588?s=96&d=mm&r=g\",\"width\":96,\"height\":96,\"caption\":\"nuno vinhas\"}},{\"@type\":\"WebPage\",\"@id\":\"https:\\\/\\\/garrett.pt\\\/en\\\/3m-portugal\\\/#webpage\",\"url\":\"https:\\\/\\\/garrett.pt\\\/en\\\/3m-portugal\\\/\",\"name\":\"3M Portugal | Garrett Audiovisuais\",\"description\":\"2015 - As renovadas instala\\u00e7\\u00f5es da 3M Portugal, no Parque das Na\\u00e7\\u00f5es, caracterizam-se por um espa\\u00e7o sofisticado, descontra\\u00eddo, onde se respira em pleno o espirito colaborativo.\",\"inLanguage\":\"en-GB\",\"isPartOf\":{\"@id\":\"https:\\\/\\\/garrett.pt\\\/en\\\/#website\"},\"breadcrumb\":{\"@id\":\"https:\\\/\\\/garrett.pt\\\/en\\\/3m-portugal\\\/#breadcrumblist\"},\"author\":{\"@id\":\"https:\\\/\\\/garrett.pt\\\/en\\\/author\\\/nuno\\\/#author\"},\"creator\":{\"@id\":\"https:\\\/\\\/garrett.pt\\\/en\\\/author\\\/nuno\\\/#author\"},\"image\":{\"@type\":\"ImageObject\",\"url\":\"https:\\\/\\\/garrett.pt\\\/wp-content\\\/uploads\\\/2015\\\/05\\\/3m.jpg\",\"@id\":\"https:\\\/\\\/garrett.pt\\\/en\\\/3m-portugal\\\/#mainImage\",\"width\":770,\"height\":406},\"primaryImageOfPage\":{\"@id\":\"https:\\\/\\\/garrett.pt\\\/en\\\/3m-portugal\\\/#mainImage\"},\"datePublished\":\"2015-05-27T11:48:37+00:00\",\"dateModified\":\"2021-07-30T14:39:38+00:00\"},{\"@type\":\"WebSite\",\"@id\":\"https:\\\/\\\/garrett.pt\\\/en\\\/#website\",\"url\":\"https:\\\/\\\/garrett.pt\\\/en\\\/\",\"name\":\"Garrett Audiovisuais\",\"description\":\"Projeto e Integra\\u00e7\\u00e3o de Sistemas Audiovisuais\",\"inLanguage\":\"en-GB\",\"publisher\":{\"@id\":\"https:\\\/\\\/garrett.pt\\\/en\\\/#organization\"}}]}\n\t\t<\/script>\n\t\t<!-- All in One SEO Pro -->\r\n\t\t<title>3M Portugal | Garrett Audiovisuais<\/title>\n\n","aioseo_head_json":{"title":"3M Portugal | Garrett Audiovisuals","description":"2015 - The renovated facilities of 3M Portugal, in Parque das Na\u00e7\u00f5es, are characterized by a sophisticated, relaxed space, where the collaborative spirit is fully breathed.","canonical_url":"https:\/\/garrett.pt\/en\/3m-portugal\/","robots":"max-image-preview:large","keywords":"","webmasterTools":{"google-site-verification":"V-yzxKXBUCATCiI1W_5bHMqCYZQPH0cGOGjcdwe4AHM","miscellaneous":""},"schema":{"@context":"https:\/\/schema.org","@graph":[{"@type":"Article","@id":"https:\/\/garrett.pt\/en\/3m-portugal\/#article","name":"3M Portugal | Garrett Audiovisuais","headline":"3M Portugal","author":{"@id":"https:\/\/garrett.pt\/en\/author\/nuno\/#author"},"publisher":{"@id":"https:\/\/garrett.pt\/en\/#organization"},"image":{"@type":"ImageObject","url":"https:\/\/garrett.pt\/wp-content\/uploads\/2015\/05\/3m.jpg","width":770,"height":406},"datePublished":"2015-05-27T11:48:37+00:00","dateModified":"2021-07-30T14:39:38+00:00","inLanguage":"en-GB","mainEntityOfPage":{"@id":"https:\/\/garrett.pt\/en\/3m-portugal\/#webpage"},"isPartOf":{"@id":"https:\/\/garrett.pt\/en\/3m-portugal\/#webpage"},"articleSection":"Escrit\u00f3rio \/ Sala de Reuni\u00e3o, Outras Marcas, Portfolio, Portfolio+Fornecimentos"},{"@type":"BreadcrumbList","@id":"https:\/\/garrett.pt\/en\/3m-portugal\/#breadcrumblist","itemListElement":[{"@type":"ListItem","@id":"https:\/\/garrett.pt\/en#listItem","position":1,"name":"Home","item":"https:\/\/garrett.pt\/en","nextItem":{"@type":"ListItem","@id":"https:\/\/garrett.pt\/en\/category\/tipologia\/#listItem","name":"Tipologia"}},{"@type":"ListItem","@id":"https:\/\/garrett.pt\/en\/category\/tipologia\/#listItem","position":2,"name":"Tipologia","item":"https:\/\/garrett.pt\/en\/category\/tipologia\/","nextItem":{"@type":"ListItem","@id":"https:\/\/garrett.pt\/en\/category\/tipologia\/escritorio\/#listItem","name":"Escrit\u00f3rio \/ Sala de Reuni\u00e3o"},"previousItem":{"@type":"ListItem","@id":"https:\/\/garrett.pt\/en#listItem","name":"Home"}},{"@type":"ListItem","@id":"https:\/\/garrett.pt\/en\/category\/tipologia\/escritorio\/#listItem","position":3,"name":"Escrit\u00f3rio \/ Sala de Reuni\u00e3o","item":"https:\/\/garrett.pt\/en\/category\/tipologia\/escritorio\/","nextItem":{"@type":"ListItem","@id":"https:\/\/garrett.pt\/en\/3m-portugal\/#listItem","name":"3M Portugal"},"previousItem":{"@type":"ListItem","@id":"https:\/\/garrett.pt\/en\/category\/tipologia\/#listItem","name":"Tipologia"}},{"@type":"ListItem","@id":"https:\/\/garrett.pt\/en\/3m-portugal\/#listItem","position":4,"name":"3M Portugal","previousItem":{"@type":"ListItem","@id":"https:\/\/garrett.pt\/en\/category\/tipologia\/escritorio\/#listItem","name":"Escrit\u00f3rio \/ Sala de Reuni\u00e3o"}}]},{"@type":"Organization","@id":"https:\/\/garrett.pt\/en\/#organization","name":"Garrett Audiovisuais","description":"Projeto e Integra\u00e7\u00e3o de Sistemas Audiovisuais","url":"https:\/\/garrett.pt\/en\/","telephone":"+351214180134","logo":{"@type":"ImageObject","url":"https:\/\/garrett.pt\/wp-content\/uploads\/2021\/10\/1378831_10151703628399331_552396504_n.jpg","@id":"https:\/\/garrett.pt\/en\/3m-portugal\/#organizationLogo","width":650,"height":650},"image":{"@id":"https:\/\/garrett.pt\/en\/3m-portugal\/#organizationLogo"},"sameAs":["https:\/\/www.facebook.com\/garrettaudiovisuais","https:\/\/www.instagram.com\/garrettaudiovisuais\/","https:\/\/www.youtube.com\/channel\/UCMLMFyCLpAQ3D4cYmzC34PQ","https:\/\/www.linkedin.com\/company\/garrett-audiovisuais","https:\/\/www.threads.net\/@garrettaudiovisuais","https:\/\/bsky.app\/profile\/garrettsa.bsky.social"]},{"@type":"Person","@id":"https:\/\/garrett.pt\/en\/author\/nuno\/#author","url":"https:\/\/garrett.pt\/en\/author\/nuno\/","name":"nuno vinhas","image":{"@type":"ImageObject","@id":"https:\/\/garrett.pt\/en\/3m-portugal\/#authorImage","url":"https:\/\/secure.gravatar.com\/avatar\/bfc37249150232e116bfa3a546dfe2a41ffe7da2e6bf73df5e60ced71075f588?s=96&d=mm&r=g","width":96,"height":96,"caption":"nuno vinhas"}},{"@type":"WebPage","@id":"https:\/\/garrett.pt\/en\/3m-portugal\/#webpage","url":"https:\/\/garrett.pt\/en\/3m-portugal\/","name":"3M Portugal | Garrett Audiovisuais","description":"2015 - As renovadas instala\u00e7\u00f5es da 3M Portugal, no Parque das Na\u00e7\u00f5es, caracterizam-se por um espa\u00e7o sofisticado, descontra\u00eddo, onde se respira em pleno o espirito colaborativo.","inLanguage":"en-GB","isPartOf":{"@id":"https:\/\/garrett.pt\/en\/#website"},"breadcrumb":{"@id":"https:\/\/garrett.pt\/en\/3m-portugal\/#breadcrumblist"},"author":{"@id":"https:\/\/garrett.pt\/en\/author\/nuno\/#author"},"creator":{"@id":"https:\/\/garrett.pt\/en\/author\/nuno\/#author"},"image":{"@type":"ImageObject","url":"https:\/\/garrett.pt\/wp-content\/uploads\/2015\/05\/3m.jpg","@id":"https:\/\/garrett.pt\/en\/3m-portugal\/#mainImage","width":770,"height":406},"primaryImageOfPage":{"@id":"https:\/\/garrett.pt\/en\/3m-portugal\/#mainImage"},"datePublished":"2015-05-27T11:48:37+00:00","dateModified":"2021-07-30T14:39:38+00:00"},{"@type":"WebSite","@id":"https:\/\/garrett.pt\/en\/#website","url":"https:\/\/garrett.pt\/en\/","name":"Garrett Audiovisuais","description":"Projeto e Integra\u00e7\u00e3o de Sistemas Audiovisuais","inLanguage":"en-GB","publisher":{"@id":"https:\/\/garrett.pt\/en\/#organization"}}]},"og:locale":"en_GB","og:site_name":"Garrett Audiovisuais | Projeto e Integra\u00e7\u00e3o de Sistemas Audiovisuais","og:type":"article","og:title":"3M Portugal | Garrett Audiovisuais","og:description":"2015 - As renovadas instala\u00e7\u00f5es da 3M Portugal, no Parque das Na\u00e7\u00f5es, caracterizam-se por um espa\u00e7o sofisticado, descontra\u00eddo, onde se respira em pleno o espirito colaborativo.","og:url":"https:\/\/garrett.pt\/en\/3m-portugal\/","og:image":"https:\/\/garrett.pt\/wp-content\/uploads\/2015\/05\/3m.jpg","og:image:secure_url":"https:\/\/garrett.pt\/wp-content\/uploads\/2015\/05\/3m.jpg","og:image:width":770,"og:image:height":406,"article:published_time":"2015-05-27T11:48:37+00:00","article:modified_time":"2021-07-30T14:39:38+00:00","article:publisher":"https:\/\/www.facebook.com\/garrettaudiovisuais","twitter:card":"summary","twitter:title":"3M Portugal | Garrett Audiovisuais","twitter:description":"2015 - As renovadas instala\u00e7\u00f5es da 3M Portugal, no Parque das Na\u00e7\u00f5es, caracterizam-se por um espa\u00e7o sofisticado, descontra\u00eddo, onde se respira em pleno o espirito colaborativo.","twitter:image":"https:\/\/garrett.pt\/wp-content\/uploads\/2015\/05\/3m.jpg"},"aioseo_meta_data":{"post_id":"3141","title":null,"description":null,"keywords":null,"keyphrases":null,"primary_term":null,"canonical_url":null,"og_title":null,"og_description":null,"og_object_type":"default","og_image_type":"default","og_image_url":null,"og_image_width":null,"og_image_height":null,"og_image_custom_url":null,"og_image_custom_fields":null,"og_video":null,"og_custom_url":null,"og_article_section":null,"og_article_tags":null,"twitter_use_og":false,"twitter_card":"default","twitter_image_type":"default","twitter_image_url":null,"twitter_image_custom_url":null,"twitter_image_custom_fields":null,"twitter_title":null,"twitter_description":null,"schema":{"blockGraphs":[],"customGraphs":[],"default":{"data":{"Article":[],"Course":[],"Dataset":[],"FAQPage":[],"Movie":[],"Person":[],"Product":[],"ProductReview":[],"Car":[],"Recipe":[],"Service":[],"SoftwareApplication":[],"WebPage":[]},"graphName":"","isEnabled":true},"graphs":[],"defaultGraph":"","defaultPostTypeGraph":""},"schema_type":null,"schema_type_options":null,"pillar_content":false,"robots_default":true,"robots_noindex":false,"robots_noarchive":false,"robots_nosnippet":false,"robots_nofollow":false,"robots_noimageindex":false,"robots_noodp":false,"robots_notranslate":false,"robots_max_snippet":null,"robots_max_videopreview":null,"robots_max_imagepreview":"large","priority":null,"frequency":null,"local_seo":null,"seo_analyzer_scan_date":"2025-08-20 16:06:05","breadcrumb_settings":null,"limit_modified_date":false,"reviewed_by":null,"open_ai":null,"ai":null,"created":"2021-09-22 12:02:57","updated":"2025-08-20 16:06:05"},"aioseo_breadcrumb":"<div class=\"aioseo-breadcrumbs\"><span class=\"aioseo-breadcrumb\">\n\t<a href=\"https:\/\/garrett.pt\/en\" title=\"Home\">Home<\/a>\n<\/span><span class=\"aioseo-breadcrumb-separator\">&raquo;<\/span><span class=\"aioseo-breadcrumb\">\n\t<a href=\"https:\/\/garrett.pt\/en\/category\/tipologia\/\" title=\"Tipologia\">Tipologia<\/a>\n<\/span><span class=\"aioseo-breadcrumb-separator\">&raquo;<\/span><span class=\"aioseo-breadcrumb\">\n\t<a href=\"https:\/\/garrett.pt\/en\/category\/tipologia\/escritorio\/\" title=\"Escrit\u00f3rio \/ Sala de Reuni\u00e3o\">Escrit\u00f3rio \/ Sala de Reuni\u00e3o<\/a>\n<\/span><span class=\"aioseo-breadcrumb-separator\">&raquo;<\/span><span class=\"aioseo-breadcrumb\">\n\t3M Portugal\n<\/span><\/div>","aioseo_breadcrumb_json":[{"label":"Home","link":"https:\/\/garrett.pt\/en"},{"label":"Tipologia","link":"https:\/\/garrett.pt\/en\/category\/tipologia\/"},{"label":"Escrit\u00f3rio \/ Sala de Reuni\u00e3o","link":"https:\/\/garrett.pt\/en\/category\/tipologia\/escritorio\/"},{"label":"3M Portugal","link":"https:\/\/garrett.pt\/en\/3m-portugal\/"}],"_links":{"self":[{"href":"https:\/\/garrett.pt\/en\/wp-json\/wp\/v2\/posts\/3141","targetHints":{"allow":["GET"]}}],"collection":[{"href":"https:\/\/garrett.pt\/en\/wp-json\/wp\/v2\/posts"}],"about":[{"href":"https:\/\/garrett.pt\/en\/wp-json\/wp\/v2\/types\/post"}],"author":[{"embeddable":true,"href":"https:\/\/garrett.pt\/en\/wp-json\/wp\/v2\/users\/11"}],"replies":[{"embeddable":true,"href":"https:\/\/garrett.pt\/en\/wp-json\/wp\/v2\/comments?post=3141"}],"version-history":[{"count":0,"href":"https:\/\/garrett.pt\/en\/wp-json\/wp\/v2\/posts\/3141\/revisions"}],"wp:featuredmedia":[{"embeddable":true,"href":"https:\/\/garrett.pt\/en\/wp-json\/wp\/v2\/media\/3260"}],"wp:attachment":[{"href":"https:\/\/garrett.pt\/en\/wp-json\/wp\/v2\/media?parent=3141"}],"wp:term":[{"taxonomy":"category","embeddable":true,"href":"https:\/\/garrett.pt\/en\/wp-json\/wp\/v2\/categories?post=3141"},{"taxonomy":"post_tag","embeddable":true,"href":"https:\/\/garrett.pt\/en\/wp-json\/wp\/v2\/tags?post=3141"}],"curies":[{"name":"wp","href":"https:\/\/api.w.org\/{rel}","templated":true}]}}