{"id":741,"date":"2015-11-09T11:34:56","date_gmt":"2015-11-09T11:34:56","guid":{"rendered":"http:\/\/garrett.pt\/?p=741"},"modified":"2021-07-30T14:39:37","modified_gmt":"2021-07-30T14:39:37","slug":"basilica-da-santissima-trindade","status":"publish","type":"post","link":"https:\/\/garrett.pt\/en\/basilica-da-santissima-trindade\/","title":{"rendered":"Basilica of the Holy Trinity"},"content":{"rendered":"<div id=\"pl-741\"  class=\"panel-layout\" ><div id=\"pg-741-0\"  class=\"panel-grid panel-no-style\" ><div id=\"pgc-741-0-0\"  class=\"panel-grid-cell\" ><div id=\"panel-741-0-0-0\" class=\"so-panel widget widget_sow-editor panel-first-child\" data-index=\"0\" ><div\n\t\t\t\n\t\t\tclass=\"so-widget-sow-editor so-widget-sow-editor-base\"\n\t\t\t\n\t\t>\n<div class=\"siteorigin-widget-tinymce textwidget\">\n\t<div id=\"attachment_3412\" style=\"width: 310px\" class=\"wp-caption alignright\"><img aria-describedby=\"caption-attachment-3412\" loading=\"lazy\" decoding=\"async\" class=\"wp-image-3412 size-medium\" src=\"http:\/\/garrett.pt\/wp-content\/uploads\/2015\/11\/cal_assembly_test_003-1-300x200.jpeg\" alt=\"cal_assembly_test_003-1\" width=\"300\" height=\"200\" srcset=\"https:\/\/garrett.pt\/wp-content\/uploads\/2015\/11\/cal_assembly_test_003-1-300x200.jpeg 300w, https:\/\/garrett.pt\/wp-content\/uploads\/2015\/11\/cal_assembly_test_003-1.jpeg 600w, https:\/\/garrett.pt\/wp-content\/uploads\/2015\/11\/cal_assembly_test_003-1-272x182.jpeg 272w, https:\/\/garrett.pt\/wp-content\/uploads\/2015\/11\/cal_assembly_test_003-1-24x16.jpeg 24w, https:\/\/garrett.pt\/wp-content\/uploads\/2015\/11\/cal_assembly_test_003-1-36x24.jpeg 36w, https:\/\/garrett.pt\/wp-content\/uploads\/2015\/11\/cal_assembly_test_003-1-48x32.jpeg 48w\" sizes=\"auto, (max-width: 300px) 100vw, 300px\" \/><\/p>\n<p id=\"caption-attachment-3412\" class=\"wp-caption-text\">One of the steps in the production of CAL 96<\/p>\n<\/div>\n<p>The Church of the Sant\u00edssima Trindade of the Sanctuary of F\u00e1tima, elevated to Basilica in 2012, is an imposing work of architecture and engineering, visited by hundreds of thousands of people every year.<br \/> The intelligibility of the voices of those involved is essential in any Church, but in this specific case, the challenge was to ensure quality sound coverage for the 8,633 seats. This year, Garrett provided 2 columns <strong>Meyer Sound CAL 96<\/strong> to give sound to the space, placing them on the side of the altar. At <strong>LIME <i>Column Array Loudspeaker<\/i> 96<\/strong> incorporate 24 4\u201d midrange and 72 20\u201d tweeters, with dedicated amplification stages for each of the speakers. All this is only possible in a column with 3 meters high.<\/p>\n<p>\u00a0<\/p>\n<p>\u00a0<\/p>\n<p><iframe loading=\"lazy\" src=\"https:\/\/www.youtube.com\/embed\/0XQAoLSsH8w\" width=\"560\" height=\"315\" frameborder=\"0\" allowfullscreen=\"allowfullscreen\"><\/iframe><\/p>\n<\/div>\n<\/div><\/div><div id=\"panel-741-0-0-1\" class=\"so-panel widget widget_sow-button panel-last-child\" data-index=\"1\" ><div\n\t\t\t\n\t\t\tclass=\"so-widget-sow-button so-widget-sow-button-atom-1dc8a3aa86f9-741\"\n\t\t\t\n\t\t><div class=\"ow-button-base ow-button-align-left\"\n>\n\t\t\t<a\n\t\t\t\t\thref=\"\"\n\t\t\t\t\tclass=\"sowb-button ow-icon-placement-left ow-button-hover\" \t>\n\t\t<span>\n\t\t\t\n\t\t\t\u2190 Back to Portfolio \t\t<\/span>\n\t\t\t<\/a>\n\t<\/div>\n<\/div><\/div><\/div><\/div><\/div>","protected":false},"excerpt":{"rendered":"<p>2015 \u2013 The Church of the Sant\u00edssima Trindade of the Sanctuary of F\u00e1tima, elevated to a Basilica in 2012, is an imposing work of architecture and engineering, visited by hundreds of thousands of people every year.<br \/>\nThe intelligibility of the voice of those involved is fundamental in any Church, but in this specific case, the challenge was to guarantee quality sound coverage for the 8,633 seats.<\/p>","protected":false},"author":11,"featured_media":742,"comment_status":"closed","ping_status":"open","sticky":false,"template":"","format":"standard","meta":{"cybocfi_hide_featured_image":"","footnotes":""},"categories":[342,357,18,52,369],"tags":[],"class_list":{"0":"post-741","1":"post","2":"type-post","3":"status-publish","4":"format-standard","5":"has-post-thumbnail","6":"hentry","7":"category-auditorio","8":"category-local-de-culto","9":"category-meyer-sound","10":"category-portfolio","11":"category-portfoliofornecimentos","13":"post-with-thumbnail","14":"post-with-thumbnail-large"},"aioseo_notices":[],"aioseo_head":"\n\t\t<!-- All in One SEO Pro 4.9.6.2 - aioseo.com -->\n\t<meta name=\"description\" content=\"2015 - A igreja da Sant\u00edssima Trindade do Santu\u00e1rio de F\u00e1tima, elevada a Bas\u00edlica em 2012, \u00e9 uma imponente obra de arquitetura e engenharia, visitada por centenas de milhares de pessoas todos os anos. A inteligibilidade da voz dos intervenientes \u00e9 fundamental em qualquer Igreja, mas neste caso espec\u00edfico, o desafio passou por garantir uma cobertura sonora de qualidade para os 8.633 lugares sentados.\" \/>\n\t<meta name=\"robots\" content=\"max-image-preview:large\" \/>\n\t<meta name=\"author\" content=\"nuno vinhas\"\/>\n\t<meta name=\"google-site-verification\" content=\"V-yzxKXBUCATCiI1W_5bHMqCYZQPH0cGOGjcdwe4AHM\" \/>\n\t<link rel=\"canonical\" href=\"https:\/\/garrett.pt\/en\/basilica-da-santissima-trindade\/\" \/>\n\t<meta name=\"generator\" content=\"All in One SEO Pro (AIOSEO) 4.9.6.2\" \/>\n\t\t<meta property=\"og:locale\" content=\"en_GB\" \/>\n\t\t<meta property=\"og:site_name\" content=\"Garrett Audiovisuais | Projeto e Integra\u00e7\u00e3o de Sistemas Audiovisuais\" \/>\n\t\t<meta property=\"og:type\" content=\"article\" \/>\n\t\t<meta property=\"og:title\" content=\"Bas\u00edlica da Sant\u00edssima Trindade | Garrett Audiovisuais\" \/>\n\t\t<meta property=\"og:description\" content=\"2015 - A igreja da Sant\u00edssima Trindade do Santu\u00e1rio de F\u00e1tima, elevada a Bas\u00edlica em 2012, \u00e9 uma imponente obra de arquitetura e engenharia, visitada por centenas de milhares de pessoas todos os anos. A inteligibilidade da voz dos intervenientes \u00e9 fundamental em qualquer Igreja, mas neste caso espec\u00edfico, o desafio passou por garantir uma cobertura sonora de qualidade para os 8.633 lugares sentados.\" \/>\n\t\t<meta property=\"og:url\" content=\"https:\/\/garrett.pt\/en\/basilica-da-santissima-trindade\/\" \/>\n\t\t<meta property=\"og:image\" content=\"https:\/\/garrett.pt\/wp-content\/uploads\/2015\/11\/thumb4_50334e8e6d3d5.jpg\" \/>\n\t\t<meta property=\"og:image:secure_url\" content=\"https:\/\/garrett.pt\/wp-content\/uploads\/2015\/11\/thumb4_50334e8e6d3d5.jpg\" \/>\n\t\t<meta property=\"og:image:width\" content=\"550\" \/>\n\t\t<meta property=\"og:image:height\" content=\"313\" \/>\n\t\t<meta property=\"article:published_time\" content=\"2015-11-09T11:34:56+00:00\" \/>\n\t\t<meta property=\"article:modified_time\" content=\"2021-07-30T14:39:37+00:00\" \/>\n\t\t<meta property=\"article:publisher\" content=\"https:\/\/www.facebook.com\/garrettaudiovisuais\" \/>\n\t\t<meta name=\"twitter:card\" content=\"summary\" \/>\n\t\t<meta name=\"twitter:title\" content=\"Bas\u00edlica da Sant\u00edssima Trindade | Garrett Audiovisuais\" \/>\n\t\t<meta name=\"twitter:description\" content=\"2015 - A igreja da Sant\u00edssima Trindade do Santu\u00e1rio de F\u00e1tima, elevada a Bas\u00edlica em 2012, \u00e9 uma imponente obra de arquitetura e engenharia, visitada por centenas de milhares de pessoas todos os anos. A inteligibilidade da voz dos intervenientes \u00e9 fundamental em qualquer Igreja, mas neste caso espec\u00edfico, o desafio passou por garantir uma cobertura sonora de qualidade para os 8.633 lugares sentados.\" \/>\n\t\t<meta name=\"twitter:image\" content=\"https:\/\/garrett.pt\/wp-content\/uploads\/2015\/11\/thumb4_50334e8e6d3d5.jpg\" \/>\n\t\t<script type=\"application\/ld+json\" class=\"aioseo-schema\">\n\t\t\t{\"@context\":\"https:\\\/\\\/schema.org\",\"@graph\":[{\"@type\":\"Article\",\"@id\":\"https:\\\/\\\/garrett.pt\\\/en\\\/basilica-da-santissima-trindade\\\/#article\",\"name\":\"Bas\\u00edlica da Sant\\u00edssima Trindade | Garrett Audiovisuais\",\"headline\":\"Bas\\u00edlica da Sant\\u00edssima Trindade\",\"author\":{\"@id\":\"https:\\\/\\\/garrett.pt\\\/en\\\/author\\\/nuno\\\/#author\"},\"publisher\":{\"@id\":\"https:\\\/\\\/garrett.pt\\\/en\\\/#organization\"},\"image\":{\"@type\":\"ImageObject\",\"url\":\"https:\\\/\\\/garrett.pt\\\/wp-content\\\/uploads\\\/2015\\\/11\\\/thumb4_50334e8e6d3d5.jpg\",\"width\":550,\"height\":313,\"caption\":\"Bas\\u00edlica da Sant\\u00edssima Trindade\"},\"datePublished\":\"2015-11-09T11:34:56+00:00\",\"dateModified\":\"2021-07-30T14:39:37+00:00\",\"inLanguage\":\"en-GB\",\"mainEntityOfPage\":{\"@id\":\"https:\\\/\\\/garrett.pt\\\/en\\\/basilica-da-santissima-trindade\\\/#webpage\"},\"isPartOf\":{\"@id\":\"https:\\\/\\\/garrett.pt\\\/en\\\/basilica-da-santissima-trindade\\\/#webpage\"},\"articleSection\":\"Audit\\u00f3rio \\\/ Teatro, Local de Culto, Meyer Sound, Portfolio, Portfolio+Fornecimentos\"},{\"@type\":\"BreadcrumbList\",\"@id\":\"https:\\\/\\\/garrett.pt\\\/en\\\/basilica-da-santissima-trindade\\\/#breadcrumblist\",\"itemListElement\":[{\"@type\":\"ListItem\",\"@id\":\"https:\\\/\\\/garrett.pt\\\/en#listItem\",\"position\":1,\"name\":\"Home\",\"item\":\"https:\\\/\\\/garrett.pt\\\/en\",\"nextItem\":{\"@type\":\"ListItem\",\"@id\":\"https:\\\/\\\/garrett.pt\\\/en\\\/category\\\/tipologia\\\/#listItem\",\"name\":\"Tipologia\"}},{\"@type\":\"ListItem\",\"@id\":\"https:\\\/\\\/garrett.pt\\\/en\\\/category\\\/tipologia\\\/#listItem\",\"position\":2,\"name\":\"Tipologia\",\"item\":\"https:\\\/\\\/garrett.pt\\\/en\\\/category\\\/tipologia\\\/\",\"nextItem\":{\"@type\":\"ListItem\",\"@id\":\"https:\\\/\\\/garrett.pt\\\/en\\\/category\\\/tipologia\\\/auditorio\\\/#listItem\",\"name\":\"Audit\\u00f3rio \\\/ Teatro\"},\"previousItem\":{\"@type\":\"ListItem\",\"@id\":\"https:\\\/\\\/garrett.pt\\\/en#listItem\",\"name\":\"Home\"}},{\"@type\":\"ListItem\",\"@id\":\"https:\\\/\\\/garrett.pt\\\/en\\\/category\\\/tipologia\\\/auditorio\\\/#listItem\",\"position\":3,\"name\":\"Audit\\u00f3rio \\\/ Teatro\",\"item\":\"https:\\\/\\\/garrett.pt\\\/en\\\/category\\\/tipologia\\\/auditorio\\\/\",\"nextItem\":{\"@type\":\"ListItem\",\"@id\":\"https:\\\/\\\/garrett.pt\\\/en\\\/basilica-da-santissima-trindade\\\/#listItem\",\"name\":\"Bas\\u00edlica da Sant\\u00edssima Trindade\"},\"previousItem\":{\"@type\":\"ListItem\",\"@id\":\"https:\\\/\\\/garrett.pt\\\/en\\\/category\\\/tipologia\\\/#listItem\",\"name\":\"Tipologia\"}},{\"@type\":\"ListItem\",\"@id\":\"https:\\\/\\\/garrett.pt\\\/en\\\/basilica-da-santissima-trindade\\\/#listItem\",\"position\":4,\"name\":\"Bas\\u00edlica da Sant\\u00edssima Trindade\",\"previousItem\":{\"@type\":\"ListItem\",\"@id\":\"https:\\\/\\\/garrett.pt\\\/en\\\/category\\\/tipologia\\\/auditorio\\\/#listItem\",\"name\":\"Audit\\u00f3rio \\\/ Teatro\"}}]},{\"@type\":\"Organization\",\"@id\":\"https:\\\/\\\/garrett.pt\\\/en\\\/#organization\",\"name\":\"Garrett Audiovisuais\",\"description\":\"Projeto e Integra\\u00e7\\u00e3o de Sistemas Audiovisuais\",\"url\":\"https:\\\/\\\/garrett.pt\\\/en\\\/\",\"telephone\":\"+351214180134\",\"logo\":{\"@type\":\"ImageObject\",\"url\":\"https:\\\/\\\/garrett.pt\\\/wp-content\\\/uploads\\\/2021\\\/10\\\/1378831_10151703628399331_552396504_n.jpg\",\"@id\":\"https:\\\/\\\/garrett.pt\\\/en\\\/basilica-da-santissima-trindade\\\/#organizationLogo\",\"width\":650,\"height\":650},\"image\":{\"@id\":\"https:\\\/\\\/garrett.pt\\\/en\\\/basilica-da-santissima-trindade\\\/#organizationLogo\"},\"sameAs\":[\"https:\\\/\\\/www.facebook.com\\\/garrettaudiovisuais\",\"https:\\\/\\\/www.instagram.com\\\/garrettaudiovisuais\\\/\",\"https:\\\/\\\/www.youtube.com\\\/channel\\\/UCMLMFyCLpAQ3D4cYmzC34PQ\",\"https:\\\/\\\/www.linkedin.com\\\/company\\\/garrett-audiovisuais\",\"https:\\\/\\\/www.threads.net\\\/@garrettaudiovisuais\",\"https:\\\/\\\/bsky.app\\\/profile\\\/garrettsa.bsky.social\"]},{\"@type\":\"Person\",\"@id\":\"https:\\\/\\\/garrett.pt\\\/en\\\/author\\\/nuno\\\/#author\",\"url\":\"https:\\\/\\\/garrett.pt\\\/en\\\/author\\\/nuno\\\/\",\"name\":\"nuno vinhas\",\"image\":{\"@type\":\"ImageObject\",\"@id\":\"https:\\\/\\\/garrett.pt\\\/en\\\/basilica-da-santissima-trindade\\\/#authorImage\",\"url\":\"https:\\\/\\\/secure.gravatar.com\\\/avatar\\\/bfc37249150232e116bfa3a546dfe2a41ffe7da2e6bf73df5e60ced71075f588?s=96&d=mm&r=g\",\"width\":96,\"height\":96,\"caption\":\"nuno vinhas\"}},{\"@type\":\"WebPage\",\"@id\":\"https:\\\/\\\/garrett.pt\\\/en\\\/basilica-da-santissima-trindade\\\/#webpage\",\"url\":\"https:\\\/\\\/garrett.pt\\\/en\\\/basilica-da-santissima-trindade\\\/\",\"name\":\"Bas\\u00edlica da Sant\\u00edssima Trindade | Garrett Audiovisuais\",\"description\":\"2015 - A igreja da Sant\\u00edssima Trindade do Santu\\u00e1rio de F\\u00e1tima, elevada a Bas\\u00edlica em 2012, \\u00e9 uma imponente obra de arquitetura e engenharia, visitada por centenas de milhares de pessoas todos os anos. A inteligibilidade da voz dos intervenientes \\u00e9 fundamental em qualquer Igreja, mas neste caso espec\\u00edfico, o desafio passou por garantir uma cobertura sonora de qualidade para os 8.633 lugares sentados.\",\"inLanguage\":\"en-GB\",\"isPartOf\":{\"@id\":\"https:\\\/\\\/garrett.pt\\\/en\\\/#website\"},\"breadcrumb\":{\"@id\":\"https:\\\/\\\/garrett.pt\\\/en\\\/basilica-da-santissima-trindade\\\/#breadcrumblist\"},\"author\":{\"@id\":\"https:\\\/\\\/garrett.pt\\\/en\\\/author\\\/nuno\\\/#author\"},\"creator\":{\"@id\":\"https:\\\/\\\/garrett.pt\\\/en\\\/author\\\/nuno\\\/#author\"},\"image\":{\"@type\":\"ImageObject\",\"url\":\"https:\\\/\\\/garrett.pt\\\/wp-content\\\/uploads\\\/2015\\\/11\\\/thumb4_50334e8e6d3d5.jpg\",\"@id\":\"https:\\\/\\\/garrett.pt\\\/en\\\/basilica-da-santissima-trindade\\\/#mainImage\",\"width\":550,\"height\":313,\"caption\":\"Bas\\u00edlica da Sant\\u00edssima Trindade\"},\"primaryImageOfPage\":{\"@id\":\"https:\\\/\\\/garrett.pt\\\/en\\\/basilica-da-santissima-trindade\\\/#mainImage\"},\"datePublished\":\"2015-11-09T11:34:56+00:00\",\"dateModified\":\"2021-07-30T14:39:37+00:00\"},{\"@type\":\"WebSite\",\"@id\":\"https:\\\/\\\/garrett.pt\\\/en\\\/#website\",\"url\":\"https:\\\/\\\/garrett.pt\\\/en\\\/\",\"name\":\"Garrett Audiovisuais\",\"description\":\"Projeto e Integra\\u00e7\\u00e3o de Sistemas Audiovisuais\",\"inLanguage\":\"en-GB\",\"publisher\":{\"@id\":\"https:\\\/\\\/garrett.pt\\\/en\\\/#organization\"}}]}\n\t\t<\/script>\n\t\t<!-- All in One SEO Pro -->\r\n\t\t<title>Bas\u00edlica da Sant\u00edssima Trindade | Garrett Audiovisuais<\/title>\n\n","aioseo_head_json":{"title":"Basilica of the Holy Trinity | Garrett Audiovisuals","description":"2015 - The Church of the Holy Trinity at the Sanctuary of F\u00e1tima, elevated to Basilica status in 2012, is an imposing feat of architecture and engineering, visited by hundreds of thousands of people every year. Voice intelligibility is essential in any church, but in this particular case, the challenge was to ensure quality sound coverage for the 8,633 seats.","canonical_url":"https:\/\/garrett.pt\/en\/basilica-da-santissima-trindade\/","robots":"max-image-preview:large","keywords":"","webmasterTools":{"google-site-verification":"V-yzxKXBUCATCiI1W_5bHMqCYZQPH0cGOGjcdwe4AHM","miscellaneous":""},"schema":{"@context":"https:\/\/schema.org","@graph":[{"@type":"Article","@id":"https:\/\/garrett.pt\/en\/basilica-da-santissima-trindade\/#article","name":"Bas\u00edlica da Sant\u00edssima Trindade | Garrett Audiovisuais","headline":"Bas\u00edlica da Sant\u00edssima Trindade","author":{"@id":"https:\/\/garrett.pt\/en\/author\/nuno\/#author"},"publisher":{"@id":"https:\/\/garrett.pt\/en\/#organization"},"image":{"@type":"ImageObject","url":"https:\/\/garrett.pt\/wp-content\/uploads\/2015\/11\/thumb4_50334e8e6d3d5.jpg","width":550,"height":313,"caption":"Bas\u00edlica da Sant\u00edssima Trindade"},"datePublished":"2015-11-09T11:34:56+00:00","dateModified":"2021-07-30T14:39:37+00:00","inLanguage":"en-GB","mainEntityOfPage":{"@id":"https:\/\/garrett.pt\/en\/basilica-da-santissima-trindade\/#webpage"},"isPartOf":{"@id":"https:\/\/garrett.pt\/en\/basilica-da-santissima-trindade\/#webpage"},"articleSection":"Audit\u00f3rio \/ Teatro, Local de Culto, Meyer Sound, Portfolio, Portfolio+Fornecimentos"},{"@type":"BreadcrumbList","@id":"https:\/\/garrett.pt\/en\/basilica-da-santissima-trindade\/#breadcrumblist","itemListElement":[{"@type":"ListItem","@id":"https:\/\/garrett.pt\/en#listItem","position":1,"name":"Home","item":"https:\/\/garrett.pt\/en","nextItem":{"@type":"ListItem","@id":"https:\/\/garrett.pt\/en\/category\/tipologia\/#listItem","name":"Tipologia"}},{"@type":"ListItem","@id":"https:\/\/garrett.pt\/en\/category\/tipologia\/#listItem","position":2,"name":"Tipologia","item":"https:\/\/garrett.pt\/en\/category\/tipologia\/","nextItem":{"@type":"ListItem","@id":"https:\/\/garrett.pt\/en\/category\/tipologia\/auditorio\/#listItem","name":"Audit\u00f3rio \/ Teatro"},"previousItem":{"@type":"ListItem","@id":"https:\/\/garrett.pt\/en#listItem","name":"Home"}},{"@type":"ListItem","@id":"https:\/\/garrett.pt\/en\/category\/tipologia\/auditorio\/#listItem","position":3,"name":"Audit\u00f3rio \/ Teatro","item":"https:\/\/garrett.pt\/en\/category\/tipologia\/auditorio\/","nextItem":{"@type":"ListItem","@id":"https:\/\/garrett.pt\/en\/basilica-da-santissima-trindade\/#listItem","name":"Bas\u00edlica da Sant\u00edssima Trindade"},"previousItem":{"@type":"ListItem","@id":"https:\/\/garrett.pt\/en\/category\/tipologia\/#listItem","name":"Tipologia"}},{"@type":"ListItem","@id":"https:\/\/garrett.pt\/en\/basilica-da-santissima-trindade\/#listItem","position":4,"name":"Bas\u00edlica da Sant\u00edssima Trindade","previousItem":{"@type":"ListItem","@id":"https:\/\/garrett.pt\/en\/category\/tipologia\/auditorio\/#listItem","name":"Audit\u00f3rio \/ Teatro"}}]},{"@type":"Organization","@id":"https:\/\/garrett.pt\/en\/#organization","name":"Garrett Audiovisuais","description":"Projeto e Integra\u00e7\u00e3o de Sistemas Audiovisuais","url":"https:\/\/garrett.pt\/en\/","telephone":"+351214180134","logo":{"@type":"ImageObject","url":"https:\/\/garrett.pt\/wp-content\/uploads\/2021\/10\/1378831_10151703628399331_552396504_n.jpg","@id":"https:\/\/garrett.pt\/en\/basilica-da-santissima-trindade\/#organizationLogo","width":650,"height":650},"image":{"@id":"https:\/\/garrett.pt\/en\/basilica-da-santissima-trindade\/#organizationLogo"},"sameAs":["https:\/\/www.facebook.com\/garrettaudiovisuais","https:\/\/www.instagram.com\/garrettaudiovisuais\/","https:\/\/www.youtube.com\/channel\/UCMLMFyCLpAQ3D4cYmzC34PQ","https:\/\/www.linkedin.com\/company\/garrett-audiovisuais","https:\/\/www.threads.net\/@garrettaudiovisuais","https:\/\/bsky.app\/profile\/garrettsa.bsky.social"]},{"@type":"Person","@id":"https:\/\/garrett.pt\/en\/author\/nuno\/#author","url":"https:\/\/garrett.pt\/en\/author\/nuno\/","name":"nuno vinhas","image":{"@type":"ImageObject","@id":"https:\/\/garrett.pt\/en\/basilica-da-santissima-trindade\/#authorImage","url":"https:\/\/secure.gravatar.com\/avatar\/bfc37249150232e116bfa3a546dfe2a41ffe7da2e6bf73df5e60ced71075f588?s=96&d=mm&r=g","width":96,"height":96,"caption":"nuno vinhas"}},{"@type":"WebPage","@id":"https:\/\/garrett.pt\/en\/basilica-da-santissima-trindade\/#webpage","url":"https:\/\/garrett.pt\/en\/basilica-da-santissima-trindade\/","name":"Bas\u00edlica da Sant\u00edssima Trindade | Garrett Audiovisuais","description":"2015 - A igreja da Sant\u00edssima Trindade do Santu\u00e1rio de F\u00e1tima, elevada a Bas\u00edlica em 2012, \u00e9 uma imponente obra de arquitetura e engenharia, visitada por centenas de milhares de pessoas todos os anos. A inteligibilidade da voz dos intervenientes \u00e9 fundamental em qualquer Igreja, mas neste caso espec\u00edfico, o desafio passou por garantir uma cobertura sonora de qualidade para os 8.633 lugares sentados.","inLanguage":"en-GB","isPartOf":{"@id":"https:\/\/garrett.pt\/en\/#website"},"breadcrumb":{"@id":"https:\/\/garrett.pt\/en\/basilica-da-santissima-trindade\/#breadcrumblist"},"author":{"@id":"https:\/\/garrett.pt\/en\/author\/nuno\/#author"},"creator":{"@id":"https:\/\/garrett.pt\/en\/author\/nuno\/#author"},"image":{"@type":"ImageObject","url":"https:\/\/garrett.pt\/wp-content\/uploads\/2015\/11\/thumb4_50334e8e6d3d5.jpg","@id":"https:\/\/garrett.pt\/en\/basilica-da-santissima-trindade\/#mainImage","width":550,"height":313,"caption":"Bas\u00edlica da Sant\u00edssima Trindade"},"primaryImageOfPage":{"@id":"https:\/\/garrett.pt\/en\/basilica-da-santissima-trindade\/#mainImage"},"datePublished":"2015-11-09T11:34:56+00:00","dateModified":"2021-07-30T14:39:37+00:00"},{"@type":"WebSite","@id":"https:\/\/garrett.pt\/en\/#website","url":"https:\/\/garrett.pt\/en\/","name":"Garrett Audiovisuais","description":"Projeto e Integra\u00e7\u00e3o de Sistemas Audiovisuais","inLanguage":"en-GB","publisher":{"@id":"https:\/\/garrett.pt\/en\/#organization"}}]},"og:locale":"en_GB","og:site_name":"Garrett Audiovisuais | Projeto e Integra\u00e7\u00e3o de Sistemas Audiovisuais","og:type":"article","og:title":"Bas\u00edlica da Sant\u00edssima Trindade | Garrett Audiovisuais","og:description":"2015 - A igreja da Sant\u00edssima Trindade do Santu\u00e1rio de F\u00e1tima, elevada a Bas\u00edlica em 2012, \u00e9 uma imponente obra de arquitetura e engenharia, visitada por centenas de milhares de pessoas todos os anos. A inteligibilidade da voz dos intervenientes \u00e9 fundamental em qualquer Igreja, mas neste caso espec\u00edfico, o desafio passou por garantir uma cobertura sonora de qualidade para os 8.633 lugares sentados.","og:url":"https:\/\/garrett.pt\/en\/basilica-da-santissima-trindade\/","og:image":"https:\/\/garrett.pt\/wp-content\/uploads\/2015\/11\/thumb4_50334e8e6d3d5.jpg","og:image:secure_url":"https:\/\/garrett.pt\/wp-content\/uploads\/2015\/11\/thumb4_50334e8e6d3d5.jpg","og:image:width":550,"og:image:height":313,"article:published_time":"2015-11-09T11:34:56+00:00","article:modified_time":"2021-07-30T14:39:37+00:00","article:publisher":"https:\/\/www.facebook.com\/garrettaudiovisuais","twitter:card":"summary","twitter:title":"Bas\u00edlica da Sant\u00edssima Trindade | Garrett Audiovisuais","twitter:description":"2015 - A igreja da Sant\u00edssima Trindade do Santu\u00e1rio de F\u00e1tima, elevada a Bas\u00edlica em 2012, \u00e9 uma imponente obra de arquitetura e engenharia, visitada por centenas de milhares de pessoas todos os anos. A inteligibilidade da voz dos intervenientes \u00e9 fundamental em qualquer Igreja, mas neste caso espec\u00edfico, o desafio passou por garantir uma cobertura sonora de qualidade para os 8.633 lugares sentados.","twitter:image":"https:\/\/garrett.pt\/wp-content\/uploads\/2015\/11\/thumb4_50334e8e6d3d5.jpg"},"aioseo_meta_data":{"post_id":"741","title":null,"description":null,"keywords":null,"keyphrases":null,"primary_term":null,"canonical_url":null,"og_title":null,"og_description":null,"og_object_type":"default","og_image_type":"default","og_image_url":null,"og_image_width":null,"og_image_height":null,"og_image_custom_url":null,"og_image_custom_fields":null,"og_video":null,"og_custom_url":null,"og_article_section":null,"og_article_tags":null,"twitter_use_og":false,"twitter_card":"default","twitter_image_type":"default","twitter_image_url":null,"twitter_image_custom_url":null,"twitter_image_custom_fields":null,"twitter_title":null,"twitter_description":null,"schema":{"blockGraphs":[],"customGraphs":[],"default":{"data":{"Article":[],"Course":[],"Dataset":[],"FAQPage":[],"Movie":[],"Person":[],"Product":[],"ProductReview":[],"Car":[],"Recipe":[],"Service":[],"SoftwareApplication":[],"WebPage":[]},"graphName":"","isEnabled":true},"graphs":[]},"schema_type":null,"schema_type_options":null,"pillar_content":false,"robots_default":true,"robots_noindex":false,"robots_noarchive":false,"robots_nosnippet":false,"robots_nofollow":false,"robots_noimageindex":false,"robots_noodp":false,"robots_notranslate":false,"robots_max_snippet":null,"robots_max_videopreview":null,"robots_max_imagepreview":"large","priority":null,"frequency":null,"local_seo":null,"seo_analyzer_scan_date":"2025-08-20 16:10:05","breadcrumb_settings":null,"limit_modified_date":false,"reviewed_by":null,"open_ai":null,"ai":null,"created":"2021-09-22 12:05:38","updated":"2025-08-20 16:10:05"},"aioseo_breadcrumb":"<div class=\"aioseo-breadcrumbs\"><span class=\"aioseo-breadcrumb\">\n\t<a href=\"https:\/\/garrett.pt\/en\" title=\"Home\">Home<\/a>\n<\/span><span class=\"aioseo-breadcrumb-separator\">&raquo;<\/span><span class=\"aioseo-breadcrumb\">\n\t<a href=\"https:\/\/garrett.pt\/en\/category\/tipologia\/\" title=\"Tipologia\">Tipologia<\/a>\n<\/span><span class=\"aioseo-breadcrumb-separator\">&raquo;<\/span><span class=\"aioseo-breadcrumb\">\n\t<a href=\"https:\/\/garrett.pt\/en\/category\/tipologia\/auditorio\/\" title=\"Audit\u00f3rio \/ Teatro\">Audit\u00f3rio \/ Teatro<\/a>\n<\/span><span class=\"aioseo-breadcrumb-separator\">&raquo;<\/span><span class=\"aioseo-breadcrumb\">\n\tBas\u00edlica da Sant\u00edssima Trindade\n<\/span><\/div>","aioseo_breadcrumb_json":[{"label":"Home","link":"https:\/\/garrett.pt\/en"},{"label":"Tipologia","link":"https:\/\/garrett.pt\/en\/category\/tipologia\/"},{"label":"Audit\u00f3rio \/ Teatro","link":"https:\/\/garrett.pt\/en\/category\/tipologia\/auditorio\/"},{"label":"Bas\u00edlica da Sant\u00edssima Trindade","link":"https:\/\/garrett.pt\/en\/basilica-da-santissima-trindade\/"}],"_links":{"self":[{"href":"https:\/\/garrett.pt\/en\/wp-json\/wp\/v2\/posts\/741","targetHints":{"allow":["GET"]}}],"collection":[{"href":"https:\/\/garrett.pt\/en\/wp-json\/wp\/v2\/posts"}],"about":[{"href":"https:\/\/garrett.pt\/en\/wp-json\/wp\/v2\/types\/post"}],"author":[{"embeddable":true,"href":"https:\/\/garrett.pt\/en\/wp-json\/wp\/v2\/users\/11"}],"replies":[{"embeddable":true,"href":"https:\/\/garrett.pt\/en\/wp-json\/wp\/v2\/comments?post=741"}],"version-history":[{"count":0,"href":"https:\/\/garrett.pt\/en\/wp-json\/wp\/v2\/posts\/741\/revisions"}],"wp:featuredmedia":[{"embeddable":true,"href":"https:\/\/garrett.pt\/en\/wp-json\/wp\/v2\/media\/742"}],"wp:attachment":[{"href":"https:\/\/garrett.pt\/en\/wp-json\/wp\/v2\/media?parent=741"}],"wp:term":[{"taxonomy":"category","embeddable":true,"href":"https:\/\/garrett.pt\/en\/wp-json\/wp\/v2\/categories?post=741"},{"taxonomy":"post_tag","embeddable":true,"href":"https:\/\/garrett.pt\/en\/wp-json\/wp\/v2\/tags?post=741"}],"curies":[{"name":"wp","href":"https:\/\/api.w.org\/{rel}","templated":true}]}}