{"id":7658,"date":"2019-07-05T11:53:45","date_gmt":"2019-07-05T11:53:45","guid":{"rendered":"https:\/\/garrett.pt\/?p=7658"},"modified":"2024-01-12T15:14:03","modified_gmt":"2024-01-12T15:14:03","slug":"restaurante-espada-lx","status":"publish","type":"post","link":"https:\/\/garrett.pt\/en\/restaurante-espada-lx\/","title":{"rendered":"Espada Restaurant, Lisbon"},"content":{"rendered":"<div id=\"pl-7658\" class=\"panel-layout\">\n<div id=\"pg-7658-0\" class=\"panel-grid panel-no-style\" data-style=\"{&quot;cell_alignment&quot;:&quot;flex-start&quot;,&quot;background_image_repeat&quot;:&quot;&quot;,&quot;no_margin&quot;:&quot;&quot;}\">\n<div id=\"pgc-7658-0-0\" class=\"panel-grid-cell\" data-weight=\"1\">\n<div id=\"panel-7658-0-0-0\" class=\"so-panel widget widget_sow-editor panel-first-child panel-last-child\" data-index=\"0\" data-style=\"{&quot;background_image_attachment&quot;:false,&quot;background_display&quot;:&quot;tile&quot;}\">\n<div class=\"so-widget-sow-editor so-widget-sow-editor-base\">\n<div class=\"siteorigin-widget-tinymce textwidget\">\n<h5><strong>2019<\/strong><\/h5>\n<h5>Starting in November 2018, the Espada restaurant in Cais do Sodr\u00e9 has already conquered its Lisbon space, with a varied menu but with a strong focus on what the sea offers.<\/h5>\n<h5>Garrett Audiovisuais developed the sound system project, implemented with the installation of passive speakers\u00a0<strong>RCF<\/strong> M <a href=\"https:\/\/www.rcf.it\/en_US\/products\/product-detail\/m_601\/266909\" target=\"_blank\" rel=\"noopener\">601<\/a> and <a href=\"https:\/\/www.rcf.it\/de_DE\/products\/product-detail\/\/m-602\/266899\" target=\"_blank\" rel=\"noopener\">602<\/a>, with the bass in charge of the subwoofers\u00a0\u00a0<a href=\"https:\/\/www.rcf.it\/en_US\/products\/product-detail\/s-5012\/266939\" target=\"_blank\" rel=\"noopener\">S 5012.<\/a>\u00a0To amplify these speaker models, amplifiers were installed<a href=\"https:\/\/www.rcf.it\/en_US\/products\/product-detail\/dps_604x\/683245\" target=\"_blank\" rel=\"noopener\"> DPS604X<\/a> also gives <strong>RCF.<\/strong><\/h5>\n<h5>The sound management was in charge of digital audio processors and control also through the 7\u2033 touch panel.<\/h5>\n<p>Follow Espada Restaurant at:\u00a0<a href=\"http:\/\/www.espada.pt\/\" target=\"_blank\" rel=\"noopener\">http:\/\/www.espada.pt\/<\/a><\/p>\n<p>More info at:\u00a0\u00a0<a href=\"http:\/\/www.rcf.it\" target=\"_blank\" rel=\"noopener\">www.rcf.it<\/a><\/p>\n<p>&nbsp;<\/p>\n\n\t\t<style type=\"text\/css\">\n\t\t\t#gallery-1 {\n\t\t\t\tmargin: auto;\n\t\t\t}\n\t\t\t#gallery-1 .gallery-item {\n\t\t\t\tfloat: left;\n\t\t\t\tmargin-top: 10px;\n\t\t\t\ttext-align: center;\n\t\t\t\twidth: 100%;\n\t\t\t}\n\t\t\t#gallery-1 img {\n\t\t\t\tborder: 2px solid #cfcfcf;\n\t\t\t}\n\t\t\t#gallery-1 .gallery-caption {\n\t\t\t\tmargin-left: 0;\n\t\t\t}\n\t\t\t\/* see gallery_shortcode() in wp-includes\/media.php *\/\n\t\t<\/style>\n\t\t<div id='gallery-1' class='gallery galleryid-7658 gallery-columns-1 gallery-size-full'><dl class='gallery-item'>\n\t\t\t<dt class='gallery-icon landscape'>\n\t\t\t\t<img loading=\"lazy\" decoding=\"async\" width=\"720\" height=\"430\" src=\"https:\/\/garrett.pt\/wp-content\/uploads\/2019\/07\/s08.png\" class=\"attachment-full size-full\" alt=\"\" srcset=\"https:\/\/garrett.pt\/wp-content\/uploads\/2019\/07\/s08.png 720w, https:\/\/garrett.pt\/wp-content\/uploads\/2019\/07\/s08-600x358.png 600w, https:\/\/garrett.pt\/wp-content\/uploads\/2019\/07\/s08-300x179.png 300w, https:\/\/garrett.pt\/wp-content\/uploads\/2019\/07\/s08-24x14.png 24w, https:\/\/garrett.pt\/wp-content\/uploads\/2019\/07\/s08-36x22.png 36w, https:\/\/garrett.pt\/wp-content\/uploads\/2019\/07\/s08-48x29.png 48w\" sizes=\"auto, (max-width: 720px) 100vw, 720px\" \/>\n\t\t\t<\/dt><\/dl><br style=\"clear: both\" \/><dl class='gallery-item'>\n\t\t\t<dt class='gallery-icon landscape'>\n\t\t\t\t<img loading=\"lazy\" decoding=\"async\" width=\"720\" height=\"430\" src=\"https:\/\/garrett.pt\/wp-content\/uploads\/2019\/07\/s06.png\" class=\"attachment-full size-full\" alt=\"\" srcset=\"https:\/\/garrett.pt\/wp-content\/uploads\/2019\/07\/s06.png 720w, https:\/\/garrett.pt\/wp-content\/uploads\/2019\/07\/s06-600x358.png 600w, https:\/\/garrett.pt\/wp-content\/uploads\/2019\/07\/s06-300x179.png 300w, https:\/\/garrett.pt\/wp-content\/uploads\/2019\/07\/s06-24x14.png 24w, https:\/\/garrett.pt\/wp-content\/uploads\/2019\/07\/s06-36x22.png 36w, https:\/\/garrett.pt\/wp-content\/uploads\/2019\/07\/s06-48x29.png 48w\" sizes=\"auto, (max-width: 720px) 100vw, 720px\" \/>\n\t\t\t<\/dt><\/dl><br style=\"clear: both\" \/><dl class='gallery-item'>\n\t\t\t<dt class='gallery-icon landscape'>\n\t\t\t\t<img loading=\"lazy\" decoding=\"async\" width=\"720\" height=\"430\" src=\"https:\/\/garrett.pt\/wp-content\/uploads\/2019\/07\/s03.png\" class=\"attachment-full size-full\" alt=\"\" srcset=\"https:\/\/garrett.pt\/wp-content\/uploads\/2019\/07\/s03.png 720w, https:\/\/garrett.pt\/wp-content\/uploads\/2019\/07\/s03-600x358.png 600w, https:\/\/garrett.pt\/wp-content\/uploads\/2019\/07\/s03-300x179.png 300w, https:\/\/garrett.pt\/wp-content\/uploads\/2019\/07\/s03-24x14.png 24w, https:\/\/garrett.pt\/wp-content\/uploads\/2019\/07\/s03-36x22.png 36w, https:\/\/garrett.pt\/wp-content\/uploads\/2019\/07\/s03-48x29.png 48w\" sizes=\"auto, (max-width: 720px) 100vw, 720px\" \/>\n\t\t\t<\/dt><\/dl><br style=\"clear: both\" \/><dl class='gallery-item'>\n\t\t\t<dt class='gallery-icon landscape'>\n\t\t\t\t<img loading=\"lazy\" decoding=\"async\" width=\"720\" height=\"430\" src=\"https:\/\/garrett.pt\/wp-content\/uploads\/2019\/07\/s01.png\" class=\"attachment-full size-full\" alt=\"\" srcset=\"https:\/\/garrett.pt\/wp-content\/uploads\/2019\/07\/s01.png 720w, https:\/\/garrett.pt\/wp-content\/uploads\/2019\/07\/s01-600x358.png 600w, https:\/\/garrett.pt\/wp-content\/uploads\/2019\/07\/s01-300x179.png 300w, https:\/\/garrett.pt\/wp-content\/uploads\/2019\/07\/s01-24x14.png 24w, https:\/\/garrett.pt\/wp-content\/uploads\/2019\/07\/s01-36x22.png 36w, https:\/\/garrett.pt\/wp-content\/uploads\/2019\/07\/s01-48x29.png 48w\" sizes=\"auto, (max-width: 720px) 100vw, 720px\" \/>\n\t\t\t<\/dt><\/dl><br style=\"clear: both\" \/><dl class='gallery-item'>\n\t\t\t<dt class='gallery-icon landscape'>\n\t\t\t\t<img loading=\"lazy\" decoding=\"async\" width=\"720\" height=\"430\" src=\"https:\/\/garrett.pt\/wp-content\/uploads\/2019\/07\/s02.png\" class=\"attachment-full size-full\" alt=\"\" srcset=\"https:\/\/garrett.pt\/wp-content\/uploads\/2019\/07\/s02.png 720w, https:\/\/garrett.pt\/wp-content\/uploads\/2019\/07\/s02-600x358.png 600w, https:\/\/garrett.pt\/wp-content\/uploads\/2019\/07\/s02-300x179.png 300w, https:\/\/garrett.pt\/wp-content\/uploads\/2019\/07\/s02-24x14.png 24w, https:\/\/garrett.pt\/wp-content\/uploads\/2019\/07\/s02-36x22.png 36w, https:\/\/garrett.pt\/wp-content\/uploads\/2019\/07\/s02-48x29.png 48w\" sizes=\"auto, (max-width: 720px) 100vw, 720px\" \/>\n\t\t\t<\/dt><\/dl><br style=\"clear: both\" \/><dl class='gallery-item'>\n\t\t\t<dt class='gallery-icon landscape'>\n\t\t\t\t<img loading=\"lazy\" decoding=\"async\" width=\"720\" height=\"430\" src=\"https:\/\/garrett.pt\/wp-content\/uploads\/2019\/07\/s04.png\" class=\"attachment-full size-full\" alt=\"\" srcset=\"https:\/\/garrett.pt\/wp-content\/uploads\/2019\/07\/s04.png 720w, https:\/\/garrett.pt\/wp-content\/uploads\/2019\/07\/s04-600x358.png 600w, https:\/\/garrett.pt\/wp-content\/uploads\/2019\/07\/s04-300x179.png 300w, https:\/\/garrett.pt\/wp-content\/uploads\/2019\/07\/s04-24x14.png 24w, https:\/\/garrett.pt\/wp-content\/uploads\/2019\/07\/s04-36x22.png 36w, https:\/\/garrett.pt\/wp-content\/uploads\/2019\/07\/s04-48x29.png 48w\" sizes=\"auto, (max-width: 720px) 100vw, 720px\" \/>\n\t\t\t<\/dt><\/dl><br style=\"clear: both\" \/><dl class='gallery-item'>\n\t\t\t<dt class='gallery-icon landscape'>\n\t\t\t\t<img loading=\"lazy\" decoding=\"async\" width=\"720\" height=\"430\" src=\"https:\/\/garrett.pt\/wp-content\/uploads\/2019\/07\/s05.png\" class=\"attachment-full size-full\" alt=\"\" srcset=\"https:\/\/garrett.pt\/wp-content\/uploads\/2019\/07\/s05.png 720w, https:\/\/garrett.pt\/wp-content\/uploads\/2019\/07\/s05-600x358.png 600w, https:\/\/garrett.pt\/wp-content\/uploads\/2019\/07\/s05-300x179.png 300w, https:\/\/garrett.pt\/wp-content\/uploads\/2019\/07\/s05-24x14.png 24w, https:\/\/garrett.pt\/wp-content\/uploads\/2019\/07\/s05-36x22.png 36w, https:\/\/garrett.pt\/wp-content\/uploads\/2019\/07\/s05-48x29.png 48w\" sizes=\"auto, (max-width: 720px) 100vw, 720px\" \/>\n\t\t\t<\/dt><\/dl><br style=\"clear: both\" \/><dl class='gallery-item'>\n\t\t\t<dt class='gallery-icon landscape'>\n\t\t\t\t<img loading=\"lazy\" decoding=\"async\" width=\"720\" height=\"430\" src=\"https:\/\/garrett.pt\/wp-content\/uploads\/2019\/07\/s07.png\" class=\"attachment-full size-full\" alt=\"\" srcset=\"https:\/\/garrett.pt\/wp-content\/uploads\/2019\/07\/s07.png 720w, https:\/\/garrett.pt\/wp-content\/uploads\/2019\/07\/s07-600x358.png 600w, https:\/\/garrett.pt\/wp-content\/uploads\/2019\/07\/s07-300x179.png 300w, https:\/\/garrett.pt\/wp-content\/uploads\/2019\/07\/s07-24x14.png 24w, https:\/\/garrett.pt\/wp-content\/uploads\/2019\/07\/s07-36x22.png 36w, https:\/\/garrett.pt\/wp-content\/uploads\/2019\/07\/s07-48x29.png 48w\" sizes=\"auto, (max-width: 720px) 100vw, 720px\" \/>\n\t\t\t<\/dt><\/dl><br style=\"clear: both\" \/>\n\t\t<\/div>\n\n<p>&nbsp;<\/p>\n<\/div>\n<\/div>\n<\/div>\n<\/div>\n<\/div>\n<\/div>","protected":false},"excerpt":{"rendered":"<p>2019 Com arranque em Novembro de 2018, o restaurante Espada no Cais do Sodr\u00e9, j\u00e1 conquistou o seu espa\u00e7o Lisboeta, com uma ementa variada mas [&hellip;]<\/p>\n","protected":false},"author":11,"featured_media":16810,"comment_status":"closed","ping_status":"open","sticky":false,"template":"","format":"standard","meta":{"cybocfi_hide_featured_image":"","footnotes":""},"categories":[52,369,16,330],"tags":[568],"class_list":{"0":"post-7658","1":"post","2":"type-post","3":"status-publish","4":"format-standard","5":"has-post-thumbnail","6":"hentry","7":"category-portfolio","8":"category-portfoliofornecimentos","9":"category-rcf","10":"category-restaurante","11":"tag-audio","13":"post-with-thumbnail","14":"post-with-thumbnail-large"},"aioseo_notices":[],"aioseo_head":"\n\t\t<!-- All in One SEO Pro 4.9.6.2 - aioseo.com -->\n\t<meta name=\"description\" content=\"2014 - No ambiente do DiGiCo Open Day, a Garrett S.A. e a Auditiv Audiovisuais Lda., chegaram a acordo para o fornecimento de duas mesas DiGiCo SD5 com vers\u00e3o Broadcast\" \/>\n\t<meta name=\"robots\" content=\"max-image-preview:large\" \/>\n\t<meta name=\"author\" content=\"nuno vinhas\"\/>\n\t<meta name=\"google-site-verification\" content=\"V-yzxKXBUCATCiI1W_5bHMqCYZQPH0cGOGjcdwe4AHM\" \/>\n\t<link rel=\"canonical\" href=\"https:\/\/garrett.pt\/en\/restaurante-espada-lx\/\" \/>\n\t<meta name=\"generator\" content=\"All in One SEO Pro (AIOSEO) 4.9.6.2\" \/>\n\t\t<meta property=\"og:locale\" content=\"en_GB\" \/>\n\t\t<meta property=\"og:site_name\" content=\"Garrett Audiovisuais | Projeto e Integra\u00e7\u00e3o de Sistemas Audiovisuais\" \/>\n\t\t<meta property=\"og:type\" content=\"article\" \/>\n\t\t<meta property=\"og:title\" content=\"Restaurante Espada, Lisboa | Garrett Audiovisuais\" \/>\n\t\t<meta property=\"og:description\" content=\"2014 - No ambiente do DiGiCo Open Day, a Garrett S.A. e a Auditiv Audiovisuais Lda., chegaram a acordo para o fornecimento de duas mesas DiGiCo SD5 com vers\u00e3o Broadcast\" \/>\n\t\t<meta property=\"og:url\" content=\"https:\/\/garrett.pt\/en\/restaurante-espada-lx\/\" \/>\n\t\t<meta property=\"og:image\" content=\"https:\/\/garrett.pt\/wp-content\/uploads\/2019\/07\/espada-restaurante-garrett-audiovisuais.png\" \/>\n\t\t<meta property=\"og:image:secure_url\" content=\"https:\/\/garrett.pt\/wp-content\/uploads\/2019\/07\/espada-restaurante-garrett-audiovisuais.png\" \/>\n\t\t<meta property=\"og:image:width\" content=\"720\" \/>\n\t\t<meta property=\"og:image:height\" content=\"380\" \/>\n\t\t<meta property=\"article:published_time\" content=\"2019-07-05T11:53:45+00:00\" \/>\n\t\t<meta property=\"article:modified_time\" content=\"2024-01-12T15:14:03+00:00\" \/>\n\t\t<meta property=\"article:publisher\" content=\"https:\/\/www.facebook.com\/garrettaudiovisuais\" \/>\n\t\t<meta name=\"twitter:card\" content=\"summary\" \/>\n\t\t<meta name=\"twitter:title\" content=\"Restaurante Espada, Lisboa | Garrett Audiovisuais\" \/>\n\t\t<meta name=\"twitter:description\" content=\"2014 - No ambiente do DiGiCo Open Day, a Garrett S.A. e a Auditiv Audiovisuais Lda., chegaram a acordo para o fornecimento de duas mesas DiGiCo SD5 com vers\u00e3o Broadcast\" \/>\n\t\t<meta name=\"twitter:image\" content=\"https:\/\/garrett.pt\/wp-content\/uploads\/2019\/07\/espada-restaurante-garrett-audiovisuais.png\" \/>\n\t\t<script type=\"application\/ld+json\" class=\"aioseo-schema\">\n\t\t\t{\"@context\":\"https:\\\/\\\/schema.org\",\"@graph\":[{\"@type\":\"Article\",\"@id\":\"https:\\\/\\\/garrett.pt\\\/en\\\/restaurante-espada-lx\\\/#article\",\"name\":\"Restaurante Espada, Lisboa | Garrett Audiovisuais\",\"headline\":\"Restaurante Espada, Lisboa\",\"author\":{\"@id\":\"https:\\\/\\\/garrett.pt\\\/en\\\/author\\\/nuno\\\/#author\"},\"publisher\":{\"@id\":\"https:\\\/\\\/garrett.pt\\\/en\\\/#organization\"},\"image\":{\"@type\":\"ImageObject\",\"url\":\"https:\\\/\\\/garrett.pt\\\/wp-content\\\/uploads\\\/2019\\\/07\\\/espada-restaurante-garrett-audiovisuais.png\",\"width\":720,\"height\":380},\"datePublished\":\"2019-07-05T11:53:45+00:00\",\"dateModified\":\"2024-01-12T15:14:03+00:00\",\"inLanguage\":\"en-GB\",\"mainEntityOfPage\":{\"@id\":\"https:\\\/\\\/garrett.pt\\\/en\\\/restaurante-espada-lx\\\/#webpage\"},\"isPartOf\":{\"@id\":\"https:\\\/\\\/garrett.pt\\\/en\\\/restaurante-espada-lx\\\/#webpage\"},\"articleSection\":\"Portfolio, Portfolio+Fornecimentos, RCF, Restaura\\u00e7\\u00e3o, \\u00e1udio\"},{\"@type\":\"BreadcrumbList\",\"@id\":\"https:\\\/\\\/garrett.pt\\\/en\\\/restaurante-espada-lx\\\/#breadcrumblist\",\"itemListElement\":[{\"@type\":\"ListItem\",\"@id\":\"https:\\\/\\\/garrett.pt\\\/en#listItem\",\"position\":1,\"name\":\"Home\",\"item\":\"https:\\\/\\\/garrett.pt\\\/en\",\"nextItem\":{\"@type\":\"ListItem\",\"@id\":\"https:\\\/\\\/garrett.pt\\\/en\\\/category\\\/tipologia\\\/#listItem\",\"name\":\"Tipologia\"}},{\"@type\":\"ListItem\",\"@id\":\"https:\\\/\\\/garrett.pt\\\/en\\\/category\\\/tipologia\\\/#listItem\",\"position\":2,\"name\":\"Tipologia\",\"item\":\"https:\\\/\\\/garrett.pt\\\/en\\\/category\\\/tipologia\\\/\",\"nextItem\":{\"@type\":\"ListItem\",\"@id\":\"https:\\\/\\\/garrett.pt\\\/en\\\/category\\\/tipologia\\\/restaurante\\\/#listItem\",\"name\":\"Restaura\\u00e7\\u00e3o\"},\"previousItem\":{\"@type\":\"ListItem\",\"@id\":\"https:\\\/\\\/garrett.pt\\\/en#listItem\",\"name\":\"Home\"}},{\"@type\":\"ListItem\",\"@id\":\"https:\\\/\\\/garrett.pt\\\/en\\\/category\\\/tipologia\\\/restaurante\\\/#listItem\",\"position\":3,\"name\":\"Restaura\\u00e7\\u00e3o\",\"item\":\"https:\\\/\\\/garrett.pt\\\/en\\\/category\\\/tipologia\\\/restaurante\\\/\",\"nextItem\":{\"@type\":\"ListItem\",\"@id\":\"https:\\\/\\\/garrett.pt\\\/en\\\/restaurante-espada-lx\\\/#listItem\",\"name\":\"Restaurante Espada, Lisboa\"},\"previousItem\":{\"@type\":\"ListItem\",\"@id\":\"https:\\\/\\\/garrett.pt\\\/en\\\/category\\\/tipologia\\\/#listItem\",\"name\":\"Tipologia\"}},{\"@type\":\"ListItem\",\"@id\":\"https:\\\/\\\/garrett.pt\\\/en\\\/restaurante-espada-lx\\\/#listItem\",\"position\":4,\"name\":\"Restaurante Espada, Lisboa\",\"previousItem\":{\"@type\":\"ListItem\",\"@id\":\"https:\\\/\\\/garrett.pt\\\/en\\\/category\\\/tipologia\\\/restaurante\\\/#listItem\",\"name\":\"Restaura\\u00e7\\u00e3o\"}}]},{\"@type\":\"Organization\",\"@id\":\"https:\\\/\\\/garrett.pt\\\/en\\\/#organization\",\"name\":\"Garrett Audiovisuais\",\"description\":\"Projeto e Integra\\u00e7\\u00e3o de Sistemas Audiovisuais\",\"url\":\"https:\\\/\\\/garrett.pt\\\/en\\\/\",\"telephone\":\"+351214180134\",\"logo\":{\"@type\":\"ImageObject\",\"url\":\"https:\\\/\\\/garrett.pt\\\/wp-content\\\/uploads\\\/2021\\\/10\\\/1378831_10151703628399331_552396504_n.jpg\",\"@id\":\"https:\\\/\\\/garrett.pt\\\/en\\\/restaurante-espada-lx\\\/#organizationLogo\",\"width\":650,\"height\":650},\"image\":{\"@id\":\"https:\\\/\\\/garrett.pt\\\/en\\\/restaurante-espada-lx\\\/#organizationLogo\"},\"sameAs\":[\"https:\\\/\\\/www.facebook.com\\\/garrettaudiovisuais\",\"https:\\\/\\\/www.instagram.com\\\/garrettaudiovisuais\\\/\",\"https:\\\/\\\/www.youtube.com\\\/channel\\\/UCMLMFyCLpAQ3D4cYmzC34PQ\",\"https:\\\/\\\/www.linkedin.com\\\/company\\\/garrett-audiovisuais\",\"https:\\\/\\\/www.threads.net\\\/@garrettaudiovisuais\",\"https:\\\/\\\/bsky.app\\\/profile\\\/garrettsa.bsky.social\"]},{\"@type\":\"Person\",\"@id\":\"https:\\\/\\\/garrett.pt\\\/en\\\/author\\\/nuno\\\/#author\",\"url\":\"https:\\\/\\\/garrett.pt\\\/en\\\/author\\\/nuno\\\/\",\"name\":\"nuno vinhas\",\"image\":{\"@type\":\"ImageObject\",\"@id\":\"https:\\\/\\\/garrett.pt\\\/en\\\/restaurante-espada-lx\\\/#authorImage\",\"url\":\"https:\\\/\\\/secure.gravatar.com\\\/avatar\\\/bfc37249150232e116bfa3a546dfe2a41ffe7da2e6bf73df5e60ced71075f588?s=96&d=mm&r=g\",\"width\":96,\"height\":96,\"caption\":\"nuno vinhas\"}},{\"@type\":\"WebPage\",\"@id\":\"https:\\\/\\\/garrett.pt\\\/en\\\/restaurante-espada-lx\\\/#webpage\",\"url\":\"https:\\\/\\\/garrett.pt\\\/en\\\/restaurante-espada-lx\\\/\",\"name\":\"Restaurante Espada, Lisboa | Garrett Audiovisuais\",\"description\":\"2014 - No ambiente do DiGiCo Open Day, a Garrett S.A. e a Auditiv Audiovisuais Lda., chegaram a acordo para o fornecimento de duas mesas DiGiCo SD5 com vers\\u00e3o Broadcast\",\"inLanguage\":\"en-GB\",\"isPartOf\":{\"@id\":\"https:\\\/\\\/garrett.pt\\\/en\\\/#website\"},\"breadcrumb\":{\"@id\":\"https:\\\/\\\/garrett.pt\\\/en\\\/restaurante-espada-lx\\\/#breadcrumblist\"},\"author\":{\"@id\":\"https:\\\/\\\/garrett.pt\\\/en\\\/author\\\/nuno\\\/#author\"},\"creator\":{\"@id\":\"https:\\\/\\\/garrett.pt\\\/en\\\/author\\\/nuno\\\/#author\"},\"image\":{\"@type\":\"ImageObject\",\"url\":\"https:\\\/\\\/garrett.pt\\\/wp-content\\\/uploads\\\/2019\\\/07\\\/espada-restaurante-garrett-audiovisuais.png\",\"@id\":\"https:\\\/\\\/garrett.pt\\\/en\\\/restaurante-espada-lx\\\/#mainImage\",\"width\":720,\"height\":380},\"primaryImageOfPage\":{\"@id\":\"https:\\\/\\\/garrett.pt\\\/en\\\/restaurante-espada-lx\\\/#mainImage\"},\"datePublished\":\"2019-07-05T11:53:45+00:00\",\"dateModified\":\"2024-01-12T15:14:03+00:00\"},{\"@type\":\"WebSite\",\"@id\":\"https:\\\/\\\/garrett.pt\\\/en\\\/#website\",\"url\":\"https:\\\/\\\/garrett.pt\\\/en\\\/\",\"name\":\"Garrett Audiovisuais\",\"description\":\"Projeto e Integra\\u00e7\\u00e3o de Sistemas Audiovisuais\",\"inLanguage\":\"en-GB\",\"publisher\":{\"@id\":\"https:\\\/\\\/garrett.pt\\\/en\\\/#organization\"}}]}\n\t\t<\/script>\n\t\t<!-- All in One SEO Pro -->\r\n\t\t<title>Restaurante Espada, Lisboa | Garrett Audiovisuais<\/title>\n\n","aioseo_head_json":{"title":"Espada Restaurant, Lisbon | Garrett Audiovisuals","description":"2014 - In the DiGiCo Open Day environment, Garrett SA and Auditiv Audiovisuais Lda., reached an agreement for the supply of two DiGiCo SD5 tables with Broadcast version","canonical_url":"https:\/\/garrett.pt\/en\/restaurante-espada-lx\/","robots":"max-image-preview:large","keywords":"","webmasterTools":{"google-site-verification":"V-yzxKXBUCATCiI1W_5bHMqCYZQPH0cGOGjcdwe4AHM","miscellaneous":""},"schema":{"@context":"https:\/\/schema.org","@graph":[{"@type":"Article","@id":"https:\/\/garrett.pt\/en\/restaurante-espada-lx\/#article","name":"Restaurante Espada, Lisboa | Garrett Audiovisuais","headline":"Restaurante Espada, Lisboa","author":{"@id":"https:\/\/garrett.pt\/en\/author\/nuno\/#author"},"publisher":{"@id":"https:\/\/garrett.pt\/en\/#organization"},"image":{"@type":"ImageObject","url":"https:\/\/garrett.pt\/wp-content\/uploads\/2019\/07\/espada-restaurante-garrett-audiovisuais.png","width":720,"height":380},"datePublished":"2019-07-05T11:53:45+00:00","dateModified":"2024-01-12T15:14:03+00:00","inLanguage":"en-GB","mainEntityOfPage":{"@id":"https:\/\/garrett.pt\/en\/restaurante-espada-lx\/#webpage"},"isPartOf":{"@id":"https:\/\/garrett.pt\/en\/restaurante-espada-lx\/#webpage"},"articleSection":"Portfolio, Portfolio+Fornecimentos, RCF, Restaura\u00e7\u00e3o, \u00e1udio"},{"@type":"BreadcrumbList","@id":"https:\/\/garrett.pt\/en\/restaurante-espada-lx\/#breadcrumblist","itemListElement":[{"@type":"ListItem","@id":"https:\/\/garrett.pt\/en#listItem","position":1,"name":"Home","item":"https:\/\/garrett.pt\/en","nextItem":{"@type":"ListItem","@id":"https:\/\/garrett.pt\/en\/category\/tipologia\/#listItem","name":"Tipologia"}},{"@type":"ListItem","@id":"https:\/\/garrett.pt\/en\/category\/tipologia\/#listItem","position":2,"name":"Tipologia","item":"https:\/\/garrett.pt\/en\/category\/tipologia\/","nextItem":{"@type":"ListItem","@id":"https:\/\/garrett.pt\/en\/category\/tipologia\/restaurante\/#listItem","name":"Restaura\u00e7\u00e3o"},"previousItem":{"@type":"ListItem","@id":"https:\/\/garrett.pt\/en#listItem","name":"Home"}},{"@type":"ListItem","@id":"https:\/\/garrett.pt\/en\/category\/tipologia\/restaurante\/#listItem","position":3,"name":"Restaura\u00e7\u00e3o","item":"https:\/\/garrett.pt\/en\/category\/tipologia\/restaurante\/","nextItem":{"@type":"ListItem","@id":"https:\/\/garrett.pt\/en\/restaurante-espada-lx\/#listItem","name":"Restaurante Espada, Lisboa"},"previousItem":{"@type":"ListItem","@id":"https:\/\/garrett.pt\/en\/category\/tipologia\/#listItem","name":"Tipologia"}},{"@type":"ListItem","@id":"https:\/\/garrett.pt\/en\/restaurante-espada-lx\/#listItem","position":4,"name":"Restaurante Espada, Lisboa","previousItem":{"@type":"ListItem","@id":"https:\/\/garrett.pt\/en\/category\/tipologia\/restaurante\/#listItem","name":"Restaura\u00e7\u00e3o"}}]},{"@type":"Organization","@id":"https:\/\/garrett.pt\/en\/#organization","name":"Garrett Audiovisuais","description":"Projeto e Integra\u00e7\u00e3o de Sistemas Audiovisuais","url":"https:\/\/garrett.pt\/en\/","telephone":"+351214180134","logo":{"@type":"ImageObject","url":"https:\/\/garrett.pt\/wp-content\/uploads\/2021\/10\/1378831_10151703628399331_552396504_n.jpg","@id":"https:\/\/garrett.pt\/en\/restaurante-espada-lx\/#organizationLogo","width":650,"height":650},"image":{"@id":"https:\/\/garrett.pt\/en\/restaurante-espada-lx\/#organizationLogo"},"sameAs":["https:\/\/www.facebook.com\/garrettaudiovisuais","https:\/\/www.instagram.com\/garrettaudiovisuais\/","https:\/\/www.youtube.com\/channel\/UCMLMFyCLpAQ3D4cYmzC34PQ","https:\/\/www.linkedin.com\/company\/garrett-audiovisuais","https:\/\/www.threads.net\/@garrettaudiovisuais","https:\/\/bsky.app\/profile\/garrettsa.bsky.social"]},{"@type":"Person","@id":"https:\/\/garrett.pt\/en\/author\/nuno\/#author","url":"https:\/\/garrett.pt\/en\/author\/nuno\/","name":"nuno vinhas","image":{"@type":"ImageObject","@id":"https:\/\/garrett.pt\/en\/restaurante-espada-lx\/#authorImage","url":"https:\/\/secure.gravatar.com\/avatar\/bfc37249150232e116bfa3a546dfe2a41ffe7da2e6bf73df5e60ced71075f588?s=96&d=mm&r=g","width":96,"height":96,"caption":"nuno vinhas"}},{"@type":"WebPage","@id":"https:\/\/garrett.pt\/en\/restaurante-espada-lx\/#webpage","url":"https:\/\/garrett.pt\/en\/restaurante-espada-lx\/","name":"Restaurante Espada, Lisboa | Garrett Audiovisuais","description":"2014 - No ambiente do DiGiCo Open Day, a Garrett S.A. e a Auditiv Audiovisuais Lda., chegaram a acordo para o fornecimento de duas mesas DiGiCo SD5 com vers\u00e3o Broadcast","inLanguage":"en-GB","isPartOf":{"@id":"https:\/\/garrett.pt\/en\/#website"},"breadcrumb":{"@id":"https:\/\/garrett.pt\/en\/restaurante-espada-lx\/#breadcrumblist"},"author":{"@id":"https:\/\/garrett.pt\/en\/author\/nuno\/#author"},"creator":{"@id":"https:\/\/garrett.pt\/en\/author\/nuno\/#author"},"image":{"@type":"ImageObject","url":"https:\/\/garrett.pt\/wp-content\/uploads\/2019\/07\/espada-restaurante-garrett-audiovisuais.png","@id":"https:\/\/garrett.pt\/en\/restaurante-espada-lx\/#mainImage","width":720,"height":380},"primaryImageOfPage":{"@id":"https:\/\/garrett.pt\/en\/restaurante-espada-lx\/#mainImage"},"datePublished":"2019-07-05T11:53:45+00:00","dateModified":"2024-01-12T15:14:03+00:00"},{"@type":"WebSite","@id":"https:\/\/garrett.pt\/en\/#website","url":"https:\/\/garrett.pt\/en\/","name":"Garrett Audiovisuais","description":"Projeto e Integra\u00e7\u00e3o de Sistemas Audiovisuais","inLanguage":"en-GB","publisher":{"@id":"https:\/\/garrett.pt\/en\/#organization"}}]},"og:locale":"en_GB","og:site_name":"Garrett Audiovisuais | Projeto e Integra\u00e7\u00e3o de Sistemas Audiovisuais","og:type":"article","og:title":"Restaurante Espada, Lisboa | Garrett Audiovisuais","og:description":"2014 - No ambiente do DiGiCo Open Day, a Garrett S.A. e a Auditiv Audiovisuais Lda., chegaram a acordo para o fornecimento de duas mesas DiGiCo SD5 com vers\u00e3o Broadcast","og:url":"https:\/\/garrett.pt\/en\/restaurante-espada-lx\/","og:image":"https:\/\/garrett.pt\/wp-content\/uploads\/2019\/07\/espada-restaurante-garrett-audiovisuais.png","og:image:secure_url":"https:\/\/garrett.pt\/wp-content\/uploads\/2019\/07\/espada-restaurante-garrett-audiovisuais.png","og:image:width":720,"og:image:height":380,"article:published_time":"2019-07-05T11:53:45+00:00","article:modified_time":"2024-01-12T15:14:03+00:00","article:publisher":"https:\/\/www.facebook.com\/garrettaudiovisuais","twitter:card":"summary","twitter:title":"Restaurante Espada, Lisboa | Garrett Audiovisuais","twitter:description":"2014 - No ambiente do DiGiCo Open Day, a Garrett S.A. e a Auditiv Audiovisuais Lda., chegaram a acordo para o fornecimento de duas mesas DiGiCo SD5 com vers\u00e3o Broadcast","twitter:image":"https:\/\/garrett.pt\/wp-content\/uploads\/2019\/07\/espada-restaurante-garrett-audiovisuais.png"},"aioseo_meta_data":{"post_id":"7658","title":null,"description":"2014 - In the DiGiCo Open Day environment, Garrett SA and Auditiv Audiovisuais Lda., reached an agreement for the supply of two DiGiCo SD5 tables with Broadcast version","keywords":[],"keyphrases":{"focus":{"keyphrase":"","score":0,"analysis":{"keyphraseInTitle":{"score":0,"maxScore":9,"error":1}}},"additional":[]},"primary_term":null,"canonical_url":null,"og_title":null,"og_description":null,"og_object_type":"default","og_image_type":"default","og_image_url":null,"og_image_width":null,"og_image_height":null,"og_image_custom_url":null,"og_image_custom_fields":null,"og_video":"","og_custom_url":null,"og_article_section":null,"og_article_tags":[],"twitter_use_og":false,"twitter_card":"default","twitter_image_type":"default","twitter_image_url":null,"twitter_image_custom_url":null,"twitter_image_custom_fields":null,"twitter_title":null,"twitter_description":null,"schema":{"blockGraphs":[],"customGraphs":[],"default":{"data":{"Article":[],"Course":[],"Dataset":[],"FAQPage":[],"Movie":[],"Person":[],"Product":[],"ProductReview":[],"Car":[],"Recipe":[],"Service":[],"SoftwareApplication":[],"WebPage":[]},"graphName":"","isEnabled":true},"graphs":[],"defaultGraph":"Article","defaultPostTypeGraph":""},"schema_type":"default","schema_type_options":"{\"article\":{\"articleType\":\"BlogPosting\"},\"course\":{\"name\":\"\",\"description\":\"\",\"provider\":\"\"},\"faq\":{\"pages\":[]},\"product\":{\"reviews\":[]},\"recipe\":{\"ingredients\":[],\"instructions\":[],\"keywords\":[]},\"software\":{\"reviews\":[],\"operatingSystems\":[]},\"webPage\":{\"webPageType\":\"WebPage\"}}","pillar_content":false,"robots_default":true,"robots_noindex":false,"robots_noarchive":false,"robots_nosnippet":false,"robots_nofollow":false,"robots_noimageindex":false,"robots_noodp":false,"robots_notranslate":false,"robots_max_snippet":"-1","robots_max_videopreview":"-1","robots_max_imagepreview":"large","priority":null,"frequency":"default","local_seo":null,"seo_analyzer_scan_date":"2025-08-20 17:14:07","breadcrumb_settings":null,"limit_modified_date":false,"reviewed_by":null,"open_ai":null,"ai":null,"created":"2021-09-22 12:23:51","updated":"2025-08-20 17:14:07"},"aioseo_breadcrumb":"<div class=\"aioseo-breadcrumbs\"><span class=\"aioseo-breadcrumb\">\n\t<a href=\"https:\/\/garrett.pt\/en\" title=\"Home\">Home<\/a>\n<\/span><span class=\"aioseo-breadcrumb-separator\">&raquo;<\/span><span class=\"aioseo-breadcrumb\">\n\t<a href=\"https:\/\/garrett.pt\/en\/category\/tipologia\/\" title=\"Tipologia\">Tipologia<\/a>\n<\/span><span class=\"aioseo-breadcrumb-separator\">&raquo;<\/span><span class=\"aioseo-breadcrumb\">\n\t<a href=\"https:\/\/garrett.pt\/en\/category\/tipologia\/restaurante\/\" title=\"Restaura\u00e7\u00e3o\">Restaura\u00e7\u00e3o<\/a>\n<\/span><span class=\"aioseo-breadcrumb-separator\">&raquo;<\/span><span class=\"aioseo-breadcrumb\">\n\tRestaurante Espada, Lisboa\n<\/span><\/div>","aioseo_breadcrumb_json":[{"label":"Home","link":"https:\/\/garrett.pt\/en"},{"label":"Tipologia","link":"https:\/\/garrett.pt\/en\/category\/tipologia\/"},{"label":"Restaura\u00e7\u00e3o","link":"https:\/\/garrett.pt\/en\/category\/tipologia\/restaurante\/"},{"label":"Restaurante Espada, Lisboa","link":"https:\/\/garrett.pt\/en\/restaurante-espada-lx\/"}],"_links":{"self":[{"href":"https:\/\/garrett.pt\/en\/wp-json\/wp\/v2\/posts\/7658","targetHints":{"allow":["GET"]}}],"collection":[{"href":"https:\/\/garrett.pt\/en\/wp-json\/wp\/v2\/posts"}],"about":[{"href":"https:\/\/garrett.pt\/en\/wp-json\/wp\/v2\/types\/post"}],"author":[{"embeddable":true,"href":"https:\/\/garrett.pt\/en\/wp-json\/wp\/v2\/users\/11"}],"replies":[{"embeddable":true,"href":"https:\/\/garrett.pt\/en\/wp-json\/wp\/v2\/comments?post=7658"}],"version-history":[{"count":0,"href":"https:\/\/garrett.pt\/en\/wp-json\/wp\/v2\/posts\/7658\/revisions"}],"wp:featuredmedia":[{"embeddable":true,"href":"https:\/\/garrett.pt\/en\/wp-json\/wp\/v2\/media\/16810"}],"wp:attachment":[{"href":"https:\/\/garrett.pt\/en\/wp-json\/wp\/v2\/media?parent=7658"}],"wp:term":[{"taxonomy":"category","embeddable":true,"href":"https:\/\/garrett.pt\/en\/wp-json\/wp\/v2\/categories?post=7658"},{"taxonomy":"post_tag","embeddable":true,"href":"https:\/\/garrett.pt\/en\/wp-json\/wp\/v2\/tags?post=7658"}],"curies":[{"name":"wp","href":"https:\/\/api.w.org\/{rel}","templated":true}]}}