{"id":8671,"date":"2019-10-25T09:20:52","date_gmt":"2019-10-25T09:20:52","guid":{"rendered":"https:\/\/garrett.pt\/?p=8671"},"modified":"2024-01-12T15:05:36","modified_gmt":"2024-01-12T15:05:36","slug":"estudios-grupo-renascenca","status":"publish","type":"post","link":"https:\/\/garrett.pt\/en\/estudios-grupo-renascenca\/","title":{"rendered":"Grupo Renascen\u00e7a Multim\u00e9dia \u2013 Est\u00fadios, Amadora"},"content":{"rendered":"<div id=\"pl-8671\"  class=\"panel-layout\" ><div id=\"pg-8671-0\"  class=\"panel-grid panel-no-style\" ><div id=\"pgc-8671-0-0\"  class=\"panel-grid-cell\" ><div id=\"panel-8671-0-0-0\" class=\"so-panel widget widget_sow-editor panel-first-child\" data-index=\"0\" ><div\n\t\t\t\n\t\t\tclass=\"so-widget-sow-editor so-widget-sow-editor-base\"\n\t\t\t\n\t\t>\n<div class=\"siteorigin-widget-tinymce textwidget\">\n\t<h4><strong>2019<\/strong><\/h4>\n<h4>Grupo Renascen\u00e7a Multim\u00e9dia comprises 4 radios, for 3 different audiences: <strong>Radio Renaissance<\/strong>, <strong>RFM<\/strong>, <strong>mega hits<\/strong> and <strong>YEA<\/strong>. All the studios are centralized in the group&#039;s new facilities in the municipality of Amadora, and Garrett participated in this project with the development of a &quot;Visual Radio&quot; system based on the hardware and software of our represented company. <strong>MultiCAM<\/strong>.<\/h4>\n<h4><img loading=\"lazy\" decoding=\"async\" class=\"wp-image-8696 alignright\" src=\"https:\/\/garrett.pt\/wp-content\/uploads\/2020\/05\/lumens_camera_a50p-1.png\" alt=\"\" width=\"131\" height=\"142\" srcset=\"https:\/\/garrett.pt\/wp-content\/uploads\/2020\/05\/lumens_camera_a50p-1.png 775w, https:\/\/garrett.pt\/wp-content\/uploads\/2020\/05\/lumens_camera_a50p-1-600x650.png 600w, https:\/\/garrett.pt\/wp-content\/uploads\/2020\/05\/lumens_camera_a50p-1-277x300.png 277w, https:\/\/garrett.pt\/wp-content\/uploads\/2020\/05\/lumens_camera_a50p-1-768x831.png 768w, https:\/\/garrett.pt\/wp-content\/uploads\/2020\/05\/lumens_camera_a50p-1-22x24.png 22w, https:\/\/garrett.pt\/wp-content\/uploads\/2020\/05\/lumens_camera_a50p-1-33x36.png 33w, https:\/\/garrett.pt\/wp-content\/uploads\/2020\/05\/lumens_camera_a50p-1-44x48.png 44w\" sizes=\"auto, (max-width: 131px) 100vw, 131px\" \/>The new system makes multi-camera shooting and uses software based on artificial intelligence to allow a fully automatic (or semi-automatic) realization, choosing the best camera and the best shot\/zoom at any given moment, depending on who is talking.<strong>. MultiCAM\u00a0<\/strong>&quot;PTZ Camera mCAM&quot; was the camera model used in this project, with output resolution of 1080p up to 60fps<strong>.<\/strong><\/h4>\n<p>&nbsp;<\/p>\n<h4><img loading=\"lazy\" decoding=\"async\" class=\"wp-image-8687 alignleft\" src=\"https:\/\/garrett.pt\/wp-content\/uploads\/2020\/05\/ffffff.png\" alt=\"\" width=\"136\" height=\"92\" srcset=\"https:\/\/garrett.pt\/wp-content\/uploads\/2020\/05\/ffffff.png 498w, https:\/\/garrett.pt\/wp-content\/uploads\/2020\/05\/ffffff-300x204.png 300w, https:\/\/garrett.pt\/wp-content\/uploads\/2020\/05\/ffffff-272x182.png 272w, https:\/\/garrett.pt\/wp-content\/uploads\/2020\/05\/ffffff-24x16.png 24w, https:\/\/garrett.pt\/wp-content\/uploads\/2020\/05\/ffffff-36x24.png 36w, https:\/\/garrett.pt\/wp-content\/uploads\/2020\/05\/ffffff-48x33.png 48w\" sizes=\"auto, (max-width: 136px) 100vw, 136px\" \/>Professional lighting, normally used in a TV studio, was also used with the &quot;Studio Force\u2122 V 12 Phosphor&quot; projectors from <strong>Chroma-Q<\/strong>. The studios are also equipped with Genelec monitors for sound\/monitoring.<strong><br \/>\n<\/strong><\/h4>\n<h4><\/h4>\n<p>&nbsp;<\/p>\n<p>Follow Grupo Renascen\u00e7a Multim\u00e9dia at\u00a0<a href=\"https:\/\/gruporenascencamultimedia.com\/\" target=\"_blank\" rel=\"noopener\">https:\/\/gruporenascencamultimedia.com\/<\/a><\/p>\n<p>Learn more at\u00a0<a href=\"https:\/\/www.multicam-systems.com\/\" target=\"_blank\" rel=\"noopener\">https:\/\/www.multicam-systems.com\/<\/a> -\u00a0<a href=\"https:\/\/chroma-q.com\/\" target=\"_blank\" rel=\"noopener\">https:\/\/chroma-q.com\/<\/a><\/p>\n<\/div>\n<\/div><\/div><div id=\"panel-8671-0-0-1\" class=\"so-panel widget widget_sow-editor\" data-index=\"1\" ><div\n\t\t\t\n\t\t\tclass=\"so-widget-sow-editor so-widget-sow-editor-base\"\n\t\t\t\n\t\t>\n<div class=\"siteorigin-widget-tinymce textwidget\">\n\t<p><img loading=\"lazy\" decoding=\"async\" class=\"aligncenter size-full wp-image-8692\" src=\"https:\/\/garrett.pt\/wp-content\/uploads\/2020\/05\/DSC_1411.jpg\" alt=\"\" width=\"770\" height=\"136\" srcset=\"https:\/\/garrett.pt\/wp-content\/uploads\/2020\/05\/DSC_1411.jpg 770w, https:\/\/garrett.pt\/wp-content\/uploads\/2020\/05\/DSC_1411-600x106.jpg 600w, https:\/\/garrett.pt\/wp-content\/uploads\/2020\/05\/DSC_1411-300x53.jpg 300w, https:\/\/garrett.pt\/wp-content\/uploads\/2020\/05\/DSC_1411-768x136.jpg 768w, https:\/\/garrett.pt\/wp-content\/uploads\/2020\/05\/DSC_1411-24x4.jpg 24w, https:\/\/garrett.pt\/wp-content\/uploads\/2020\/05\/DSC_1411-36x6.jpg 36w, https:\/\/garrett.pt\/wp-content\/uploads\/2020\/05\/DSC_1411-48x8.jpg 48w\" sizes=\"auto, (max-width: 770px) 100vw, 770px\" \/><\/p>\n<\/div>\n<\/div><\/div><div id=\"panel-8671-0-0-2\" class=\"so-panel widget widget_sow-editor panel-last-child\" data-index=\"2\" ><div class=\"panel-widget-style panel-widget-style-for-8671-0-0-2\" ><div\n\t\t\t\n\t\t\tclass=\"so-widget-sow-editor so-widget-sow-editor-base\"\n\t\t\t\n\t\t>\n<div class=\"siteorigin-widget-tinymce textwidget\">\n\t<p><style type=\"text\/css\">\n\t\t\t#gallery-1 {\n\t\t\t\tmargin: auto;\n\t\t\t}\n\t\t\t#gallery-1 .gallery-item {\n\t\t\t\tfloat: left;\n\t\t\t\tmargin-top: 10px;\n\t\t\t\ttext-align: center;\n\t\t\t\twidth: 50%;\n\t\t\t}\n\t\t\t#gallery-1 img {\n\t\t\t\tborder: 2px solid #cfcfcf;\n\t\t\t}\n\t\t\t#gallery-1 .gallery-caption {\n\t\t\t\tmargin-left: 0;\n\t\t\t}\n\t\t\t\/* see gallery_shortcode() in wp-includes\/media.php *\/\n\t\t<\/style>\n<div id='gallery-1' class='gallery galleryid-8671 gallery-columns-2 gallery-size-large'>\n<dl class='gallery-item'>\n<dt class='gallery-icon landscape'>\n\t\t\t\t<img loading=\"lazy\" decoding=\"async\" width=\"720\" height=\"406\" src=\"https:\/\/garrett.pt\/wp-content\/uploads\/2020\/05\/DSC_1412-1024x578.jpg\" class=\"attachment-large size-large\" alt=\"\" srcset=\"https:\/\/garrett.pt\/wp-content\/uploads\/2020\/05\/DSC_1412-1024x578.jpg 1024w, https:\/\/garrett.pt\/wp-content\/uploads\/2020\/05\/DSC_1412-600x338.jpg 600w, https:\/\/garrett.pt\/wp-content\/uploads\/2020\/05\/DSC_1412-300x169.jpg 300w, https:\/\/garrett.pt\/wp-content\/uploads\/2020\/05\/DSC_1412-768x433.jpg 768w, https:\/\/garrett.pt\/wp-content\/uploads\/2020\/05\/DSC_1412-24x14.jpg 24w, https:\/\/garrett.pt\/wp-content\/uploads\/2020\/05\/DSC_1412-36x20.jpg 36w, https:\/\/garrett.pt\/wp-content\/uploads\/2020\/05\/DSC_1412-48x27.jpg 48w\" sizes=\"auto, (max-width: 720px) 100vw, 720px\" \/>\n\t\t\t<\/dt>\n<\/dl>\n<dl class='gallery-item'>\n<dt class='gallery-icon landscape'>\n\t\t\t\t<img loading=\"lazy\" decoding=\"async\" width=\"720\" height=\"406\" src=\"https:\/\/garrett.pt\/wp-content\/uploads\/2020\/05\/DSC_1389-1024x578.jpg\" class=\"attachment-large size-large\" alt=\"\" srcset=\"https:\/\/garrett.pt\/wp-content\/uploads\/2020\/05\/DSC_1389-1024x578.jpg 1024w, https:\/\/garrett.pt\/wp-content\/uploads\/2020\/05\/DSC_1389-600x338.jpg 600w, https:\/\/garrett.pt\/wp-content\/uploads\/2020\/05\/DSC_1389-300x169.jpg 300w, https:\/\/garrett.pt\/wp-content\/uploads\/2020\/05\/DSC_1389-768x433.jpg 768w, https:\/\/garrett.pt\/wp-content\/uploads\/2020\/05\/DSC_1389-24x14.jpg 24w, https:\/\/garrett.pt\/wp-content\/uploads\/2020\/05\/DSC_1389-36x20.jpg 36w, https:\/\/garrett.pt\/wp-content\/uploads\/2020\/05\/DSC_1389-48x27.jpg 48w\" sizes=\"auto, (max-width: 720px) 100vw, 720px\" \/>\n\t\t\t<\/dt>\n<\/dl>\n<p><br style=\"clear: both\" \/><\/p>\n<dl class='gallery-item'>\n<dt class='gallery-icon landscape'>\n\t\t\t\t<img loading=\"lazy\" decoding=\"async\" width=\"720\" height=\"401\" src=\"https:\/\/garrett.pt\/wp-content\/uploads\/2020\/05\/DSC_1387-1024x571.jpg\" class=\"attachment-large size-large\" alt=\"\" srcset=\"https:\/\/garrett.pt\/wp-content\/uploads\/2020\/05\/DSC_1387-1024x571.jpg 1024w, https:\/\/garrett.pt\/wp-content\/uploads\/2020\/05\/DSC_1387-600x335.jpg 600w, https:\/\/garrett.pt\/wp-content\/uploads\/2020\/05\/DSC_1387-300x167.jpg 300w, https:\/\/garrett.pt\/wp-content\/uploads\/2020\/05\/DSC_1387-768x428.jpg 768w, https:\/\/garrett.pt\/wp-content\/uploads\/2020\/05\/DSC_1387-24x13.jpg 24w, https:\/\/garrett.pt\/wp-content\/uploads\/2020\/05\/DSC_1387-36x20.jpg 36w, https:\/\/garrett.pt\/wp-content\/uploads\/2020\/05\/DSC_1387-48x27.jpg 48w\" sizes=\"auto, (max-width: 720px) 100vw, 720px\" \/>\n\t\t\t<\/dt>\n<\/dl>\n<dl class='gallery-item'>\n<dt class='gallery-icon landscape'>\n\t\t\t\t<img loading=\"lazy\" decoding=\"async\" width=\"720\" height=\"406\" src=\"https:\/\/garrett.pt\/wp-content\/uploads\/2020\/05\/DSC_1414-1024x578.jpg\" class=\"attachment-large size-large\" alt=\"\" srcset=\"https:\/\/garrett.pt\/wp-content\/uploads\/2020\/05\/DSC_1414-1024x578.jpg 1024w, https:\/\/garrett.pt\/wp-content\/uploads\/2020\/05\/DSC_1414-600x338.jpg 600w, https:\/\/garrett.pt\/wp-content\/uploads\/2020\/05\/DSC_1414-300x169.jpg 300w, https:\/\/garrett.pt\/wp-content\/uploads\/2020\/05\/DSC_1414-768x433.jpg 768w, https:\/\/garrett.pt\/wp-content\/uploads\/2020\/05\/DSC_1414-24x14.jpg 24w, https:\/\/garrett.pt\/wp-content\/uploads\/2020\/05\/DSC_1414-36x20.jpg 36w, https:\/\/garrett.pt\/wp-content\/uploads\/2020\/05\/DSC_1414-48x27.jpg 48w\" sizes=\"auto, (max-width: 720px) 100vw, 720px\" \/>\n\t\t\t<\/dt>\n<\/dl>\n<p><br style=\"clear: both\" \/><\/p>\n<dl class='gallery-item'>\n<dt class='gallery-icon landscape'>\n\t\t\t\t<img loading=\"lazy\" decoding=\"async\" width=\"720\" height=\"406\" src=\"https:\/\/garrett.pt\/wp-content\/uploads\/2020\/05\/DSC_1399-1024x578.jpg\" class=\"attachment-large size-large\" alt=\"\" srcset=\"https:\/\/garrett.pt\/wp-content\/uploads\/2020\/05\/DSC_1399-1024x578.jpg 1024w, https:\/\/garrett.pt\/wp-content\/uploads\/2020\/05\/DSC_1399-600x338.jpg 600w, https:\/\/garrett.pt\/wp-content\/uploads\/2020\/05\/DSC_1399-300x169.jpg 300w, https:\/\/garrett.pt\/wp-content\/uploads\/2020\/05\/DSC_1399-768x433.jpg 768w, https:\/\/garrett.pt\/wp-content\/uploads\/2020\/05\/DSC_1399-24x14.jpg 24w, https:\/\/garrett.pt\/wp-content\/uploads\/2020\/05\/DSC_1399-36x20.jpg 36w, https:\/\/garrett.pt\/wp-content\/uploads\/2020\/05\/DSC_1399-48x27.jpg 48w\" sizes=\"auto, (max-width: 720px) 100vw, 720px\" \/>\n\t\t\t<\/dt>\n<\/dl>\n<dl class='gallery-item'>\n<dt class='gallery-icon landscape'>\n\t\t\t\t<img loading=\"lazy\" decoding=\"async\" width=\"720\" height=\"480\" src=\"https:\/\/garrett.pt\/wp-content\/uploads\/2020\/05\/visual_rr22010d03defaultlarge_1024-1024x683.jpg\" class=\"attachment-large size-large\" alt=\"\" srcset=\"https:\/\/garrett.pt\/wp-content\/uploads\/2020\/05\/visual_rr22010d03defaultlarge_1024.jpg 1024w, https:\/\/garrett.pt\/wp-content\/uploads\/2020\/05\/visual_rr22010d03defaultlarge_1024-600x400.jpg 600w, https:\/\/garrett.pt\/wp-content\/uploads\/2020\/05\/visual_rr22010d03defaultlarge_1024-300x200.jpg 300w, https:\/\/garrett.pt\/wp-content\/uploads\/2020\/05\/visual_rr22010d03defaultlarge_1024-768x512.jpg 768w, https:\/\/garrett.pt\/wp-content\/uploads\/2020\/05\/visual_rr22010d03defaultlarge_1024-272x182.jpg 272w, https:\/\/garrett.pt\/wp-content\/uploads\/2020\/05\/visual_rr22010d03defaultlarge_1024-24x16.jpg 24w, https:\/\/garrett.pt\/wp-content\/uploads\/2020\/05\/visual_rr22010d03defaultlarge_1024-36x24.jpg 36w, https:\/\/garrett.pt\/wp-content\/uploads\/2020\/05\/visual_rr22010d03defaultlarge_1024-48x32.jpg 48w\" sizes=\"auto, (max-width: 720px) 100vw, 720px\" \/>\n\t\t\t<\/dt>\n<\/dl>\n<p><br style=\"clear: both\" \/><\/p>\n<dl class='gallery-item'>\n<dt class='gallery-icon portrait'>\n\t\t\t\t<img loading=\"lazy\" decoding=\"async\" width=\"720\" height=\"406\" src=\"https:\/\/garrett.pt\/wp-content\/uploads\/2020\/05\/DSC_1379-1024x578.jpg\" class=\"attachment-large size-large\" alt=\"\" srcset=\"https:\/\/garrett.pt\/wp-content\/uploads\/2020\/05\/DSC_1379-1024x578.jpg 1024w, https:\/\/garrett.pt\/wp-content\/uploads\/2020\/05\/DSC_1379-300x169.jpg 300w, https:\/\/garrett.pt\/wp-content\/uploads\/2020\/05\/DSC_1379-768x433.jpg 768w, https:\/\/garrett.pt\/wp-content\/uploads\/2020\/05\/DSC_1379-24x14.jpg 24w, https:\/\/garrett.pt\/wp-content\/uploads\/2020\/05\/DSC_1379-36x20.jpg 36w, https:\/\/garrett.pt\/wp-content\/uploads\/2020\/05\/DSC_1379-48x27.jpg 48w\" sizes=\"auto, (max-width: 720px) 100vw, 720px\" \/>\n\t\t\t<\/dt>\n<\/dl>\n<dl class='gallery-item'>\n<dt class='gallery-icon portrait'>\n\t\t\t\t<img loading=\"lazy\" decoding=\"async\" width=\"720\" height=\"406\" src=\"https:\/\/garrett.pt\/wp-content\/uploads\/2020\/05\/DSC_1391-1024x578.jpg\" class=\"attachment-large size-large\" alt=\"\" srcset=\"https:\/\/garrett.pt\/wp-content\/uploads\/2020\/05\/DSC_1391-1024x578.jpg 1024w, https:\/\/garrett.pt\/wp-content\/uploads\/2020\/05\/DSC_1391-300x169.jpg 300w, https:\/\/garrett.pt\/wp-content\/uploads\/2020\/05\/DSC_1391-768x433.jpg 768w, https:\/\/garrett.pt\/wp-content\/uploads\/2020\/05\/DSC_1391-24x14.jpg 24w, https:\/\/garrett.pt\/wp-content\/uploads\/2020\/05\/DSC_1391-36x20.jpg 36w, https:\/\/garrett.pt\/wp-content\/uploads\/2020\/05\/DSC_1391-48x27.jpg 48w\" sizes=\"auto, (max-width: 720px) 100vw, 720px\" \/>\n\t\t\t<\/dt>\n<\/dl>\n<p><br style=\"clear: both\" \/><\/p>\n<dl class='gallery-item'>\n<dt class='gallery-icon portrait'>\n\t\t\t\t<img loading=\"lazy\" decoding=\"async\" width=\"720\" height=\"861\" src=\"https:\/\/garrett.pt\/wp-content\/uploads\/2020\/05\/DSC_1380-856x1024.jpg\" class=\"attachment-large size-large\" alt=\"\" srcset=\"https:\/\/garrett.pt\/wp-content\/uploads\/2020\/05\/DSC_1380-856x1024.jpg 856w, https:\/\/garrett.pt\/wp-content\/uploads\/2020\/05\/DSC_1380-600x718.jpg 600w, https:\/\/garrett.pt\/wp-content\/uploads\/2020\/05\/DSC_1380-251x300.jpg 251w, https:\/\/garrett.pt\/wp-content\/uploads\/2020\/05\/DSC_1380-768x919.jpg 768w, https:\/\/garrett.pt\/wp-content\/uploads\/2020\/05\/DSC_1380-20x24.jpg 20w, https:\/\/garrett.pt\/wp-content\/uploads\/2020\/05\/DSC_1380-30x36.jpg 30w, https:\/\/garrett.pt\/wp-content\/uploads\/2020\/05\/DSC_1380-40x48.jpg 40w\" sizes=\"auto, (max-width: 720px) 100vw, 720px\" \/>\n\t\t\t<\/dt>\n<\/dl>\n<p>\t\t\t<br style='clear: both' \/>\n\t\t<\/div><\/p>\n<\/div>\n<\/div><\/div><\/div><\/div><\/div><\/div>","protected":false},"excerpt":{"rendered":"<p>2019 O Grupo Renascen\u00e7a Multim\u00e9dia engloba 4 r\u00e1dios, para 3 diferentes p\u00fablicos: R\u00e1dio Renascen\u00e7a, RFM, Mega Hits e SIM. Todos os est\u00fadios est\u00e3o centralizados nas [&hellip;]<\/p>\n","protected":false},"author":11,"featured_media":8700,"comment_status":"closed","ping_status":"open","sticky":false,"template":"","format":"standard","meta":{"cybocfi_hide_featured_image":"","footnotes":""},"categories":[31,350,15,247,52,369],"tags":[568,310,570],"class_list":{"0":"post-8671","1":"post","2":"type-post","3":"status-publish","4":"format-standard","5":"has-post-thumbnail","6":"hentry","7":"category-chroma-q","8":"category-estudio","9":"category-genelec","10":"category-multicam","11":"category-portfolio","12":"category-portfoliofornecimentos","13":"tag-audio","14":"tag-iluminacao","15":"tag-video","17":"post-with-thumbnail","18":"post-with-thumbnail-large"},"aioseo_notices":[],"aioseo_head":"\n\t\t<!-- All in One SEO Pro 4.9.6.2 - aioseo.com -->\n\t<meta name=\"description\" content=\"2014 - No ambiente do DiGiCo Open Day, a Garrett S.A. e a Auditiv Audiovisuais Lda., chegaram a acordo para o fornecimento de duas mesas DiGiCo SD5 com vers\u00e3o Broadcast\" \/>\n\t<meta name=\"robots\" content=\"max-image-preview:large\" \/>\n\t<meta name=\"author\" content=\"nuno vinhas\"\/>\n\t<meta name=\"google-site-verification\" content=\"V-yzxKXBUCATCiI1W_5bHMqCYZQPH0cGOGjcdwe4AHM\" \/>\n\t<link rel=\"canonical\" href=\"https:\/\/garrett.pt\/en\/estudios-grupo-renascenca\/\" \/>\n\t<meta name=\"generator\" content=\"All in One SEO Pro (AIOSEO) 4.9.6.2\" \/>\n\t\t<meta property=\"og:locale\" content=\"en_GB\" \/>\n\t\t<meta property=\"og:site_name\" content=\"Garrett Audiovisuais | Projeto e Integra\u00e7\u00e3o de Sistemas Audiovisuais\" \/>\n\t\t<meta property=\"og:type\" content=\"article\" \/>\n\t\t<meta property=\"og:title\" content=\"Grupo Renascen\u00e7a Multim\u00e9dia \u2013 Est\u00fadios, Amadora | Garrett Audiovisuais\" \/>\n\t\t<meta property=\"og:description\" content=\"2014 - No ambiente do DiGiCo Open Day, a Garrett S.A. e a Auditiv Audiovisuais Lda., chegaram a acordo para o fornecimento de duas mesas DiGiCo SD5 com vers\u00e3o Broadcast\" \/>\n\t\t<meta property=\"og:url\" content=\"https:\/\/garrett.pt\/en\/estudios-grupo-renascenca\/\" \/>\n\t\t<meta property=\"og:image\" content=\"https:\/\/garrett.pt\/wp-content\/uploads\/2019\/05\/Header.png\" \/>\n\t\t<meta property=\"og:image:secure_url\" content=\"https:\/\/garrett.pt\/wp-content\/uploads\/2019\/05\/Header.png\" \/>\n\t\t<meta property=\"og:image:width\" content=\"720\" \/>\n\t\t<meta property=\"og:image:height\" content=\"380\" \/>\n\t\t<meta property=\"article:published_time\" content=\"2019-10-25T09:20:52+00:00\" \/>\n\t\t<meta property=\"article:modified_time\" content=\"2024-01-12T15:05:36+00:00\" \/>\n\t\t<meta property=\"article:publisher\" content=\"https:\/\/www.facebook.com\/garrettaudiovisuais\" \/>\n\t\t<meta name=\"twitter:card\" content=\"summary\" \/>\n\t\t<meta name=\"twitter:title\" content=\"Grupo Renascen\u00e7a Multim\u00e9dia \u2013 Est\u00fadios, Amadora | Garrett Audiovisuais\" \/>\n\t\t<meta name=\"twitter:description\" content=\"2014 - No ambiente do DiGiCo Open Day, a Garrett S.A. e a Auditiv Audiovisuais Lda., chegaram a acordo para o fornecimento de duas mesas DiGiCo SD5 com vers\u00e3o Broadcast\" \/>\n\t\t<meta name=\"twitter:image\" content=\"https:\/\/garrett.pt\/wp-content\/uploads\/2019\/05\/Header.png\" \/>\n\t\t<script type=\"application\/ld+json\" class=\"aioseo-schema\">\n\t\t\t{\"@context\":\"https:\\\/\\\/schema.org\",\"@graph\":[{\"@type\":\"Article\",\"@id\":\"https:\\\/\\\/garrett.pt\\\/en\\\/estudios-grupo-renascenca\\\/#article\",\"name\":\"Grupo Renascen\\u00e7a Multim\\u00e9dia \\u2013 Est\\u00fadios, Amadora | Garrett Audiovisuais\",\"headline\":\"Grupo Renascen\\u00e7a Multim\\u00e9dia &#8211; Est\\u00fadios, Amadora\",\"author\":{\"@id\":\"https:\\\/\\\/garrett.pt\\\/en\\\/author\\\/nuno\\\/#author\"},\"publisher\":{\"@id\":\"https:\\\/\\\/garrett.pt\\\/en\\\/#organization\"},\"image\":{\"@type\":\"ImageObject\",\"url\":\"https:\\\/\\\/garrett.pt\\\/wp-content\\\/uploads\\\/2019\\\/05\\\/Header.png\",\"width\":720,\"height\":380},\"datePublished\":\"2019-10-25T09:20:52+00:00\",\"dateModified\":\"2024-01-12T15:05:36+00:00\",\"inLanguage\":\"en-GB\",\"mainEntityOfPage\":{\"@id\":\"https:\\\/\\\/garrett.pt\\\/en\\\/estudios-grupo-renascenca\\\/#webpage\"},\"isPartOf\":{\"@id\":\"https:\\\/\\\/garrett.pt\\\/en\\\/estudios-grupo-renascenca\\\/#webpage\"},\"articleSection\":\"Chroma-Q, Est\\u00fadio, Genelec, MultiCAM, Portfolio, Portfolio+Fornecimentos, \\u00e1udio, ilumina\\u00e7\\u00e3o, V\\u00eddeo\"},{\"@type\":\"BreadcrumbList\",\"@id\":\"https:\\\/\\\/garrett.pt\\\/en\\\/estudios-grupo-renascenca\\\/#breadcrumblist\",\"itemListElement\":[{\"@type\":\"ListItem\",\"@id\":\"https:\\\/\\\/garrett.pt\\\/en#listItem\",\"position\":1,\"name\":\"Home\",\"item\":\"https:\\\/\\\/garrett.pt\\\/en\",\"nextItem\":{\"@type\":\"ListItem\",\"@id\":\"https:\\\/\\\/garrett.pt\\\/en\\\/category\\\/tipologia\\\/#listItem\",\"name\":\"Tipologia\"}},{\"@type\":\"ListItem\",\"@id\":\"https:\\\/\\\/garrett.pt\\\/en\\\/category\\\/tipologia\\\/#listItem\",\"position\":2,\"name\":\"Tipologia\",\"item\":\"https:\\\/\\\/garrett.pt\\\/en\\\/category\\\/tipologia\\\/\",\"nextItem\":{\"@type\":\"ListItem\",\"@id\":\"https:\\\/\\\/garrett.pt\\\/en\\\/category\\\/tipologia\\\/estudio\\\/#listItem\",\"name\":\"Est\\u00fadio\"},\"previousItem\":{\"@type\":\"ListItem\",\"@id\":\"https:\\\/\\\/garrett.pt\\\/en#listItem\",\"name\":\"Home\"}},{\"@type\":\"ListItem\",\"@id\":\"https:\\\/\\\/garrett.pt\\\/en\\\/category\\\/tipologia\\\/estudio\\\/#listItem\",\"position\":3,\"name\":\"Est\\u00fadio\",\"item\":\"https:\\\/\\\/garrett.pt\\\/en\\\/category\\\/tipologia\\\/estudio\\\/\",\"nextItem\":{\"@type\":\"ListItem\",\"@id\":\"https:\\\/\\\/garrett.pt\\\/en\\\/estudios-grupo-renascenca\\\/#listItem\",\"name\":\"Grupo Renascen\\u00e7a Multim\\u00e9dia &#8211; Est\\u00fadios, Amadora\"},\"previousItem\":{\"@type\":\"ListItem\",\"@id\":\"https:\\\/\\\/garrett.pt\\\/en\\\/category\\\/tipologia\\\/#listItem\",\"name\":\"Tipologia\"}},{\"@type\":\"ListItem\",\"@id\":\"https:\\\/\\\/garrett.pt\\\/en\\\/estudios-grupo-renascenca\\\/#listItem\",\"position\":4,\"name\":\"Grupo Renascen\\u00e7a Multim\\u00e9dia &#8211; Est\\u00fadios, Amadora\",\"previousItem\":{\"@type\":\"ListItem\",\"@id\":\"https:\\\/\\\/garrett.pt\\\/en\\\/category\\\/tipologia\\\/estudio\\\/#listItem\",\"name\":\"Est\\u00fadio\"}}]},{\"@type\":\"Organization\",\"@id\":\"https:\\\/\\\/garrett.pt\\\/en\\\/#organization\",\"name\":\"Garrett Audiovisuais\",\"description\":\"Projeto e Integra\\u00e7\\u00e3o de Sistemas Audiovisuais\",\"url\":\"https:\\\/\\\/garrett.pt\\\/en\\\/\",\"telephone\":\"+351214180134\",\"logo\":{\"@type\":\"ImageObject\",\"url\":\"https:\\\/\\\/garrett.pt\\\/wp-content\\\/uploads\\\/2021\\\/10\\\/1378831_10151703628399331_552396504_n.jpg\",\"@id\":\"https:\\\/\\\/garrett.pt\\\/en\\\/estudios-grupo-renascenca\\\/#organizationLogo\",\"width\":650,\"height\":650},\"image\":{\"@id\":\"https:\\\/\\\/garrett.pt\\\/en\\\/estudios-grupo-renascenca\\\/#organizationLogo\"},\"sameAs\":[\"https:\\\/\\\/www.facebook.com\\\/garrettaudiovisuais\",\"https:\\\/\\\/www.instagram.com\\\/garrettaudiovisuais\\\/\",\"https:\\\/\\\/www.youtube.com\\\/channel\\\/UCMLMFyCLpAQ3D4cYmzC34PQ\",\"https:\\\/\\\/www.linkedin.com\\\/company\\\/garrett-audiovisuais\",\"https:\\\/\\\/www.threads.net\\\/@garrettaudiovisuais\",\"https:\\\/\\\/bsky.app\\\/profile\\\/garrettsa.bsky.social\"]},{\"@type\":\"Person\",\"@id\":\"https:\\\/\\\/garrett.pt\\\/en\\\/author\\\/nuno\\\/#author\",\"url\":\"https:\\\/\\\/garrett.pt\\\/en\\\/author\\\/nuno\\\/\",\"name\":\"nuno vinhas\",\"image\":{\"@type\":\"ImageObject\",\"@id\":\"https:\\\/\\\/garrett.pt\\\/en\\\/estudios-grupo-renascenca\\\/#authorImage\",\"url\":\"https:\\\/\\\/secure.gravatar.com\\\/avatar\\\/bfc37249150232e116bfa3a546dfe2a41ffe7da2e6bf73df5e60ced71075f588?s=96&d=mm&r=g\",\"width\":96,\"height\":96,\"caption\":\"nuno vinhas\"}},{\"@type\":\"WebPage\",\"@id\":\"https:\\\/\\\/garrett.pt\\\/en\\\/estudios-grupo-renascenca\\\/#webpage\",\"url\":\"https:\\\/\\\/garrett.pt\\\/en\\\/estudios-grupo-renascenca\\\/\",\"name\":\"Grupo Renascen\\u00e7a Multim\\u00e9dia \\u2013 Est\\u00fadios, Amadora | Garrett Audiovisuais\",\"description\":\"2014 - No ambiente do DiGiCo Open Day, a Garrett S.A. e a Auditiv Audiovisuais Lda., chegaram a acordo para o fornecimento de duas mesas DiGiCo SD5 com vers\\u00e3o Broadcast\",\"inLanguage\":\"en-GB\",\"isPartOf\":{\"@id\":\"https:\\\/\\\/garrett.pt\\\/en\\\/#website\"},\"breadcrumb\":{\"@id\":\"https:\\\/\\\/garrett.pt\\\/en\\\/estudios-grupo-renascenca\\\/#breadcrumblist\"},\"author\":{\"@id\":\"https:\\\/\\\/garrett.pt\\\/en\\\/author\\\/nuno\\\/#author\"},\"creator\":{\"@id\":\"https:\\\/\\\/garrett.pt\\\/en\\\/author\\\/nuno\\\/#author\"},\"image\":{\"@type\":\"ImageObject\",\"url\":\"https:\\\/\\\/garrett.pt\\\/wp-content\\\/uploads\\\/2019\\\/05\\\/Header.png\",\"@id\":\"https:\\\/\\\/garrett.pt\\\/en\\\/estudios-grupo-renascenca\\\/#mainImage\",\"width\":720,\"height\":380},\"primaryImageOfPage\":{\"@id\":\"https:\\\/\\\/garrett.pt\\\/en\\\/estudios-grupo-renascenca\\\/#mainImage\"},\"datePublished\":\"2019-10-25T09:20:52+00:00\",\"dateModified\":\"2024-01-12T15:05:36+00:00\"},{\"@type\":\"WebSite\",\"@id\":\"https:\\\/\\\/garrett.pt\\\/en\\\/#website\",\"url\":\"https:\\\/\\\/garrett.pt\\\/en\\\/\",\"name\":\"Garrett Audiovisuais\",\"description\":\"Projeto e Integra\\u00e7\\u00e3o de Sistemas Audiovisuais\",\"inLanguage\":\"en-GB\",\"publisher\":{\"@id\":\"https:\\\/\\\/garrett.pt\\\/en\\\/#organization\"}}]}\n\t\t<\/script>\n\t\t<!-- All in One SEO Pro -->\r\n\t\t<title>Grupo Renascen\u00e7a Multim\u00e9dia \u2013 Est\u00fadios, Amadora | Garrett Audiovisuais<\/title>\n\n","aioseo_head_json":{"title":"Renaissance Multimedia Group \u2013 Studios, Amadora | Garrett Audiovisuals","description":"2014 - In the DiGiCo Open Day environment, Garrett SA and Auditiv Audiovisuais Lda., reached an agreement for the supply of two DiGiCo SD5 tables with Broadcast version","canonical_url":"https:\/\/garrett.pt\/en\/estudios-grupo-renascenca\/","robots":"max-image-preview:large","keywords":"","webmasterTools":{"google-site-verification":"V-yzxKXBUCATCiI1W_5bHMqCYZQPH0cGOGjcdwe4AHM","miscellaneous":""},"schema":{"@context":"https:\/\/schema.org","@graph":[{"@type":"Article","@id":"https:\/\/garrett.pt\/en\/estudios-grupo-renascenca\/#article","name":"Grupo Renascen\u00e7a Multim\u00e9dia \u2013 Est\u00fadios, Amadora | Garrett Audiovisuais","headline":"Grupo Renascen\u00e7a Multim\u00e9dia &#8211; Est\u00fadios, Amadora","author":{"@id":"https:\/\/garrett.pt\/en\/author\/nuno\/#author"},"publisher":{"@id":"https:\/\/garrett.pt\/en\/#organization"},"image":{"@type":"ImageObject","url":"https:\/\/garrett.pt\/wp-content\/uploads\/2019\/05\/Header.png","width":720,"height":380},"datePublished":"2019-10-25T09:20:52+00:00","dateModified":"2024-01-12T15:05:36+00:00","inLanguage":"en-GB","mainEntityOfPage":{"@id":"https:\/\/garrett.pt\/en\/estudios-grupo-renascenca\/#webpage"},"isPartOf":{"@id":"https:\/\/garrett.pt\/en\/estudios-grupo-renascenca\/#webpage"},"articleSection":"Chroma-Q, Est\u00fadio, Genelec, MultiCAM, Portfolio, Portfolio+Fornecimentos, \u00e1udio, ilumina\u00e7\u00e3o, V\u00eddeo"},{"@type":"BreadcrumbList","@id":"https:\/\/garrett.pt\/en\/estudios-grupo-renascenca\/#breadcrumblist","itemListElement":[{"@type":"ListItem","@id":"https:\/\/garrett.pt\/en#listItem","position":1,"name":"Home","item":"https:\/\/garrett.pt\/en","nextItem":{"@type":"ListItem","@id":"https:\/\/garrett.pt\/en\/category\/tipologia\/#listItem","name":"Tipologia"}},{"@type":"ListItem","@id":"https:\/\/garrett.pt\/en\/category\/tipologia\/#listItem","position":2,"name":"Tipologia","item":"https:\/\/garrett.pt\/en\/category\/tipologia\/","nextItem":{"@type":"ListItem","@id":"https:\/\/garrett.pt\/en\/category\/tipologia\/estudio\/#listItem","name":"Est\u00fadio"},"previousItem":{"@type":"ListItem","@id":"https:\/\/garrett.pt\/en#listItem","name":"Home"}},{"@type":"ListItem","@id":"https:\/\/garrett.pt\/en\/category\/tipologia\/estudio\/#listItem","position":3,"name":"Est\u00fadio","item":"https:\/\/garrett.pt\/en\/category\/tipologia\/estudio\/","nextItem":{"@type":"ListItem","@id":"https:\/\/garrett.pt\/en\/estudios-grupo-renascenca\/#listItem","name":"Grupo Renascen\u00e7a Multim\u00e9dia &#8211; Est\u00fadios, Amadora"},"previousItem":{"@type":"ListItem","@id":"https:\/\/garrett.pt\/en\/category\/tipologia\/#listItem","name":"Tipologia"}},{"@type":"ListItem","@id":"https:\/\/garrett.pt\/en\/estudios-grupo-renascenca\/#listItem","position":4,"name":"Grupo Renascen\u00e7a Multim\u00e9dia &#8211; Est\u00fadios, Amadora","previousItem":{"@type":"ListItem","@id":"https:\/\/garrett.pt\/en\/category\/tipologia\/estudio\/#listItem","name":"Est\u00fadio"}}]},{"@type":"Organization","@id":"https:\/\/garrett.pt\/en\/#organization","name":"Garrett Audiovisuais","description":"Projeto e Integra\u00e7\u00e3o de Sistemas Audiovisuais","url":"https:\/\/garrett.pt\/en\/","telephone":"+351214180134","logo":{"@type":"ImageObject","url":"https:\/\/garrett.pt\/wp-content\/uploads\/2021\/10\/1378831_10151703628399331_552396504_n.jpg","@id":"https:\/\/garrett.pt\/en\/estudios-grupo-renascenca\/#organizationLogo","width":650,"height":650},"image":{"@id":"https:\/\/garrett.pt\/en\/estudios-grupo-renascenca\/#organizationLogo"},"sameAs":["https:\/\/www.facebook.com\/garrettaudiovisuais","https:\/\/www.instagram.com\/garrettaudiovisuais\/","https:\/\/www.youtube.com\/channel\/UCMLMFyCLpAQ3D4cYmzC34PQ","https:\/\/www.linkedin.com\/company\/garrett-audiovisuais","https:\/\/www.threads.net\/@garrettaudiovisuais","https:\/\/bsky.app\/profile\/garrettsa.bsky.social"]},{"@type":"Person","@id":"https:\/\/garrett.pt\/en\/author\/nuno\/#author","url":"https:\/\/garrett.pt\/en\/author\/nuno\/","name":"nuno vinhas","image":{"@type":"ImageObject","@id":"https:\/\/garrett.pt\/en\/estudios-grupo-renascenca\/#authorImage","url":"https:\/\/secure.gravatar.com\/avatar\/bfc37249150232e116bfa3a546dfe2a41ffe7da2e6bf73df5e60ced71075f588?s=96&d=mm&r=g","width":96,"height":96,"caption":"nuno vinhas"}},{"@type":"WebPage","@id":"https:\/\/garrett.pt\/en\/estudios-grupo-renascenca\/#webpage","url":"https:\/\/garrett.pt\/en\/estudios-grupo-renascenca\/","name":"Grupo Renascen\u00e7a Multim\u00e9dia \u2013 Est\u00fadios, Amadora | Garrett Audiovisuais","description":"2014 - No ambiente do DiGiCo Open Day, a Garrett S.A. e a Auditiv Audiovisuais Lda., chegaram a acordo para o fornecimento de duas mesas DiGiCo SD5 com vers\u00e3o Broadcast","inLanguage":"en-GB","isPartOf":{"@id":"https:\/\/garrett.pt\/en\/#website"},"breadcrumb":{"@id":"https:\/\/garrett.pt\/en\/estudios-grupo-renascenca\/#breadcrumblist"},"author":{"@id":"https:\/\/garrett.pt\/en\/author\/nuno\/#author"},"creator":{"@id":"https:\/\/garrett.pt\/en\/author\/nuno\/#author"},"image":{"@type":"ImageObject","url":"https:\/\/garrett.pt\/wp-content\/uploads\/2019\/05\/Header.png","@id":"https:\/\/garrett.pt\/en\/estudios-grupo-renascenca\/#mainImage","width":720,"height":380},"primaryImageOfPage":{"@id":"https:\/\/garrett.pt\/en\/estudios-grupo-renascenca\/#mainImage"},"datePublished":"2019-10-25T09:20:52+00:00","dateModified":"2024-01-12T15:05:36+00:00"},{"@type":"WebSite","@id":"https:\/\/garrett.pt\/en\/#website","url":"https:\/\/garrett.pt\/en\/","name":"Garrett Audiovisuais","description":"Projeto e Integra\u00e7\u00e3o de Sistemas Audiovisuais","inLanguage":"en-GB","publisher":{"@id":"https:\/\/garrett.pt\/en\/#organization"}}]},"og:locale":"en_GB","og:site_name":"Garrett Audiovisuais | Projeto e Integra\u00e7\u00e3o de Sistemas Audiovisuais","og:type":"article","og:title":"Grupo Renascen\u00e7a Multim\u00e9dia \u2013 Est\u00fadios, Amadora | Garrett Audiovisuais","og:description":"2014 - No ambiente do DiGiCo Open Day, a Garrett S.A. e a Auditiv Audiovisuais Lda., chegaram a acordo para o fornecimento de duas mesas DiGiCo SD5 com vers\u00e3o Broadcast","og:url":"https:\/\/garrett.pt\/en\/estudios-grupo-renascenca\/","og:image":"https:\/\/garrett.pt\/wp-content\/uploads\/2019\/05\/Header.png","og:image:secure_url":"https:\/\/garrett.pt\/wp-content\/uploads\/2019\/05\/Header.png","og:image:width":720,"og:image:height":380,"article:published_time":"2019-10-25T09:20:52+00:00","article:modified_time":"2024-01-12T15:05:36+00:00","article:publisher":"https:\/\/www.facebook.com\/garrettaudiovisuais","twitter:card":"summary","twitter:title":"Grupo Renascen\u00e7a Multim\u00e9dia \u2013 Est\u00fadios, Amadora | Garrett Audiovisuais","twitter:description":"2014 - No ambiente do DiGiCo Open Day, a Garrett S.A. e a Auditiv Audiovisuais Lda., chegaram a acordo para o fornecimento de duas mesas DiGiCo SD5 com vers\u00e3o Broadcast","twitter:image":"https:\/\/garrett.pt\/wp-content\/uploads\/2019\/05\/Header.png"},"aioseo_meta_data":{"post_id":"8671","title":null,"description":"2014 - In the DiGiCo Open Day environment, Garrett SA and Auditiv Audiovisuais Lda., reached an agreement for the supply of two DiGiCo SD5 tables with Broadcast version","keywords":null,"keyphrases":null,"primary_term":null,"canonical_url":null,"og_title":null,"og_description":null,"og_object_type":"default","og_image_type":"default","og_image_url":null,"og_image_width":null,"og_image_height":null,"og_image_custom_url":null,"og_image_custom_fields":null,"og_video":null,"og_custom_url":null,"og_article_section":null,"og_article_tags":null,"twitter_use_og":false,"twitter_card":"default","twitter_image_type":"default","twitter_image_url":null,"twitter_image_custom_url":null,"twitter_image_custom_fields":null,"twitter_title":null,"twitter_description":null,"schema":{"blockGraphs":[],"customGraphs":[],"default":{"data":{"Article":[],"Course":[],"Dataset":[],"FAQPage":[],"Movie":[],"Person":[],"Product":[],"ProductReview":[],"Car":[],"Recipe":[],"Service":[],"SoftwareApplication":[],"WebPage":[]},"graphName":"","isEnabled":true},"graphs":[]},"schema_type":null,"schema_type_options":null,"pillar_content":false,"robots_default":true,"robots_noindex":false,"robots_noarchive":false,"robots_nosnippet":false,"robots_nofollow":false,"robots_noimageindex":false,"robots_noodp":false,"robots_notranslate":false,"robots_max_snippet":null,"robots_max_videopreview":null,"robots_max_imagepreview":"large","priority":null,"frequency":null,"local_seo":null,"seo_analyzer_scan_date":"2025-08-20 17:17:58","breadcrumb_settings":null,"limit_modified_date":false,"reviewed_by":null,"open_ai":null,"ai":null,"created":"2021-09-22 12:15:48","updated":"2025-08-20 17:17:58"},"aioseo_breadcrumb":"<div class=\"aioseo-breadcrumbs\"><span class=\"aioseo-breadcrumb\">\n\t<a href=\"https:\/\/garrett.pt\/en\" title=\"Home\">Home<\/a>\n<\/span><span class=\"aioseo-breadcrumb-separator\">&raquo;<\/span><span class=\"aioseo-breadcrumb\">\n\t<a href=\"https:\/\/garrett.pt\/en\/category\/tipologia\/\" title=\"Tipologia\">Tipologia<\/a>\n<\/span><span class=\"aioseo-breadcrumb-separator\">&raquo;<\/span><span class=\"aioseo-breadcrumb\">\n\t<a href=\"https:\/\/garrett.pt\/en\/category\/tipologia\/estudio\/\" title=\"Est\u00fadio\">Est\u00fadio<\/a>\n<\/span><span class=\"aioseo-breadcrumb-separator\">&raquo;<\/span><span class=\"aioseo-breadcrumb\">\n\tGrupo Renascen\u00e7a Multim\u00e9dia \u2013 Est\u00fadios, Amadora\n<\/span><\/div>","aioseo_breadcrumb_json":[{"label":"Home","link":"https:\/\/garrett.pt\/en"},{"label":"Tipologia","link":"https:\/\/garrett.pt\/en\/category\/tipologia\/"},{"label":"Est\u00fadio","link":"https:\/\/garrett.pt\/en\/category\/tipologia\/estudio\/"},{"label":"Grupo Renascen\u00e7a Multim\u00e9dia &#8211; Est\u00fadios, Amadora","link":"https:\/\/garrett.pt\/en\/estudios-grupo-renascenca\/"}],"_links":{"self":[{"href":"https:\/\/garrett.pt\/en\/wp-json\/wp\/v2\/posts\/8671","targetHints":{"allow":["GET"]}}],"collection":[{"href":"https:\/\/garrett.pt\/en\/wp-json\/wp\/v2\/posts"}],"about":[{"href":"https:\/\/garrett.pt\/en\/wp-json\/wp\/v2\/types\/post"}],"author":[{"embeddable":true,"href":"https:\/\/garrett.pt\/en\/wp-json\/wp\/v2\/users\/11"}],"replies":[{"embeddable":true,"href":"https:\/\/garrett.pt\/en\/wp-json\/wp\/v2\/comments?post=8671"}],"version-history":[{"count":0,"href":"https:\/\/garrett.pt\/en\/wp-json\/wp\/v2\/posts\/8671\/revisions"}],"wp:featuredmedia":[{"embeddable":true,"href":"https:\/\/garrett.pt\/en\/wp-json\/wp\/v2\/media\/8700"}],"wp:attachment":[{"href":"https:\/\/garrett.pt\/en\/wp-json\/wp\/v2\/media?parent=8671"}],"wp:term":[{"taxonomy":"category","embeddable":true,"href":"https:\/\/garrett.pt\/en\/wp-json\/wp\/v2\/categories?post=8671"},{"taxonomy":"post_tag","embeddable":true,"href":"https:\/\/garrett.pt\/en\/wp-json\/wp\/v2\/tags?post=8671"}],"curies":[{"name":"wp","href":"https:\/\/api.w.org\/{rel}","templated":true}]}}