{"id":9769,"date":"2020-12-03T09:38:46","date_gmt":"2020-12-03T09:38:46","guid":{"rendered":"https:\/\/garrett.pt\/?p=9769"},"modified":"2024-01-12T15:13:59","modified_gmt":"2024-01-12T15:13:59","slug":"topo-chiado-lisboa","status":"publish","type":"post","link":"https:\/\/garrett.pt\/en\/topo-chiado-lisboa\/","title":{"rendered":"Topo Chiado, Lisbon"},"content":{"rendered":"<div id=\"pl-9769\"  class=\"panel-layout\" ><div id=\"pg-9769-0\"  class=\"panel-grid panel-no-style\" ><div id=\"pgc-9769-0-0\"  class=\"panel-grid-cell\" ><div id=\"panel-9769-0-0-0\" class=\"so-panel widget widget_sow-editor panel-first-child panel-last-child\" data-index=\"0\" ><div\n\t\t\t\n\t\t\tclass=\"so-widget-sow-editor so-widget-sow-editor-base\"\n\t\t\t\n\t\t>\n<div class=\"siteorigin-widget-tinymce textwidget\">\n\t<h1><strong>2020 - Esplanada Bar Topo Chiado, Lisbon<\/strong><\/h1>\n<h5><img loading=\"lazy\" decoding=\"async\" class=\"size-full wp-image-9781 alignright\" src=\"https:\/\/garrett.pt\/wp-content\/uploads\/2020\/12\/COMPACT-M-banner900-bottom3.png\" alt=\"\" width=\"200\" height=\"118\" srcset=\"https:\/\/garrett.pt\/wp-content\/uploads\/2020\/12\/COMPACT-M-banner900-bottom3.png 200w, https:\/\/garrett.pt\/wp-content\/uploads\/2020\/12\/COMPACT-M-banner900-bottom3-24x14.png 24w, https:\/\/garrett.pt\/wp-content\/uploads\/2020\/12\/COMPACT-M-banner900-bottom3-36x21.png 36w, https:\/\/garrett.pt\/wp-content\/uploads\/2020\/12\/COMPACT-M-banner900-bottom3-48x28.png 48w\" sizes=\"auto, (max-width: 200px) 100vw, 200px\" \/>A large terrace with a panoramic view over Lisbon, the <strong>Top Squeak<\/strong> now has an audio system capable of meeting all the sound needs of this space, made up of speakers from the series <strong>RCF<\/strong> Compact M, also RCF amplification and addition of digital audio processors. Audio management and control can be done via the touchscreen.<\/h5>\n<p>Follow Topo Chiado at <a href=\"https:\/\/www.facebook.com\/topolisboa\/\" target=\"_blank\" rel=\"noopener noreferrer\">https:\/\/www.facebook.com\/topolisboa\/<\/a><\/p>\n<p>More information at: <a href=\"https:\/\/www.rcf.it\/\" target=\"_blank\" rel=\"noopener noreferrer\">https:\/\/www.<strong>rcf<\/strong>.with<\/a>\/<\/p>\n<\/div>\n<\/div><\/div><\/div><\/div><div id=\"pg-9769-1\"  class=\"panel-grid panel-no-style\" ><div id=\"pgc-9769-1-0\"  class=\"panel-grid-cell\" ><div id=\"panel-9769-1-0-0\" class=\"so-panel widget widget_sow-editor panel-first-child panel-last-child\" data-index=\"1\" ><div\n\t\t\t\n\t\t\tclass=\"so-widget-sow-editor so-widget-sow-editor-base\"\n\t\t\t\n\t\t>\n<div class=\"siteorigin-widget-tinymce textwidget\">\n\t<p>\n\t\t<style type=\"text\/css\">\n\t\t\t#gallery-1 {\n\t\t\t\tmargin: auto;\n\t\t\t}\n\t\t\t#gallery-1 .gallery-item {\n\t\t\t\tfloat: left;\n\t\t\t\tmargin-top: 10px;\n\t\t\t\ttext-align: center;\n\t\t\t\twidth: 100%;\n\t\t\t}\n\t\t\t#gallery-1 img {\n\t\t\t\tborder: 2px solid #cfcfcf;\n\t\t\t}\n\t\t\t#gallery-1 .gallery-caption {\n\t\t\t\tmargin-left: 0;\n\t\t\t}\n\t\t\t\/* see gallery_shortcode() in wp-includes\/media.php *\/\n\t\t<\/style>\n\t\t<div id='gallery-1' class='gallery galleryid-9769 gallery-columns-1 gallery-size-full'><dl class='gallery-item'>\n\t\t\t<dt class='gallery-icon landscape'>\n\t\t\t\t<img loading=\"lazy\" decoding=\"async\" width=\"750\" height=\"422\" src=\"https:\/\/garrett.pt\/wp-content\/uploads\/2020\/12\/image-1.jpg\" class=\"attachment-full size-full\" alt=\"\" srcset=\"https:\/\/garrett.pt\/wp-content\/uploads\/2020\/12\/image-1.jpg 750w, https:\/\/garrett.pt\/wp-content\/uploads\/2020\/12\/image-1-600x338.jpg 600w, https:\/\/garrett.pt\/wp-content\/uploads\/2020\/12\/image-1-300x169.jpg 300w, https:\/\/garrett.pt\/wp-content\/uploads\/2020\/12\/image-1-24x14.jpg 24w, https:\/\/garrett.pt\/wp-content\/uploads\/2020\/12\/image-1-36x20.jpg 36w, https:\/\/garrett.pt\/wp-content\/uploads\/2020\/12\/image-1-48x27.jpg 48w\" sizes=\"auto, (max-width: 750px) 100vw, 750px\" \/>\n\t\t\t<\/dt><\/dl><br style=\"clear: both\" \/><dl class='gallery-item'>\n\t\t\t<dt class='gallery-icon landscape'>\n\t\t\t\t<img loading=\"lazy\" decoding=\"async\" width=\"770\" height=\"436\" src=\"https:\/\/garrett.pt\/wp-content\/uploads\/2020\/12\/s01-2.png\" class=\"attachment-full size-full\" alt=\"\" srcset=\"https:\/\/garrett.pt\/wp-content\/uploads\/2020\/12\/s01-2.png 770w, https:\/\/garrett.pt\/wp-content\/uploads\/2020\/12\/s01-2-600x340.png 600w, https:\/\/garrett.pt\/wp-content\/uploads\/2020\/12\/s01-2-300x170.png 300w, https:\/\/garrett.pt\/wp-content\/uploads\/2020\/12\/s01-2-768x435.png 768w, https:\/\/garrett.pt\/wp-content\/uploads\/2020\/12\/s01-2-24x14.png 24w, https:\/\/garrett.pt\/wp-content\/uploads\/2020\/12\/s01-2-36x20.png 36w, https:\/\/garrett.pt\/wp-content\/uploads\/2020\/12\/s01-2-48x27.png 48w\" sizes=\"auto, (max-width: 770px) 100vw, 770px\" \/>\n\t\t\t<\/dt><\/dl><br style=\"clear: both\" \/><dl class='gallery-item'>\n\t\t\t<dt class='gallery-icon landscape'>\n\t\t\t\t<img loading=\"lazy\" decoding=\"async\" width=\"770\" height=\"436\" src=\"https:\/\/garrett.pt\/wp-content\/uploads\/2020\/12\/s03-2.png\" class=\"attachment-full size-full\" alt=\"\" srcset=\"https:\/\/garrett.pt\/wp-content\/uploads\/2020\/12\/s03-2.png 770w, https:\/\/garrett.pt\/wp-content\/uploads\/2020\/12\/s03-2-600x340.png 600w, https:\/\/garrett.pt\/wp-content\/uploads\/2020\/12\/s03-2-300x170.png 300w, https:\/\/garrett.pt\/wp-content\/uploads\/2020\/12\/s03-2-768x435.png 768w, https:\/\/garrett.pt\/wp-content\/uploads\/2020\/12\/s03-2-24x14.png 24w, https:\/\/garrett.pt\/wp-content\/uploads\/2020\/12\/s03-2-36x20.png 36w, https:\/\/garrett.pt\/wp-content\/uploads\/2020\/12\/s03-2-48x27.png 48w\" sizes=\"auto, (max-width: 770px) 100vw, 770px\" \/>\n\t\t\t<\/dt><\/dl><br style=\"clear: both\" \/><dl class='gallery-item'>\n\t\t\t<dt class='gallery-icon landscape'>\n\t\t\t\t<img loading=\"lazy\" decoding=\"async\" width=\"770\" height=\"436\" src=\"https:\/\/garrett.pt\/wp-content\/uploads\/2020\/12\/s02-2.png\" class=\"attachment-full size-full\" alt=\"\" srcset=\"https:\/\/garrett.pt\/wp-content\/uploads\/2020\/12\/s02-2.png 770w, https:\/\/garrett.pt\/wp-content\/uploads\/2020\/12\/s02-2-600x340.png 600w, https:\/\/garrett.pt\/wp-content\/uploads\/2020\/12\/s02-2-300x170.png 300w, https:\/\/garrett.pt\/wp-content\/uploads\/2020\/12\/s02-2-768x435.png 768w, https:\/\/garrett.pt\/wp-content\/uploads\/2020\/12\/s02-2-24x14.png 24w, https:\/\/garrett.pt\/wp-content\/uploads\/2020\/12\/s02-2-36x20.png 36w, https:\/\/garrett.pt\/wp-content\/uploads\/2020\/12\/s02-2-48x27.png 48w\" sizes=\"auto, (max-width: 770px) 100vw, 770px\" \/>\n\t\t\t<\/dt><\/dl><br style=\"clear: both\" \/>\n\t\t<\/div>\n<\/p>\n<\/div>\n<\/div><\/div><\/div><\/div><\/div>","protected":false},"excerpt":{"rendered":"<p>2020 &#8211; Bar Esplanada Topo Chiado, Lisboa Uma grande esplanada com uma vista panor\u00e2mica sobre Lisboa, o Topo Chiado tem agora um sistema \u00e1udio capaz [&hellip;]<\/p>\n","protected":false},"author":11,"featured_media":9771,"comment_status":"closed","ping_status":"open","sticky":false,"template":"","format":"standard","meta":{"cybocfi_hide_featured_image":"","footnotes":""},"categories":[356,52,369,16,330,1],"tags":[568],"class_list":{"0":"post-9769","1":"post","2":"type-post","3":"status-publish","4":"format-standard","5":"has-post-thumbnail","6":"hentry","7":"category-bar","8":"category-portfolio","9":"category-portfoliofornecimentos","10":"category-rcf","11":"category-restaurante","12":"category-uncategorized","13":"tag-audio","15":"post-with-thumbnail","16":"post-with-thumbnail-large"},"aioseo_notices":[],"aioseo_head":"\n\t\t<!-- All in One SEO Pro 4.9.6.2 - aioseo.com -->\n\t<meta name=\"description\" content=\"2020 - Bar Esplanada Topo Chiado, Lisboa Uma grande esplanada com uma vista panor\u00e2mica sobre Lisboa, o Topo Chiado tem agora um sistema \u00e1udio capaz de cumprir todas as necessidades sonoras deste espa\u00e7o, composto por colunas da s\u00e9rie RCF Compact M, amplifica\u00e7\u00e3o tamb\u00e9m RCF e adi\u00e7\u00e3o de processadores \u00e1udio digitais. A gest\u00e3o e controlo do\" \/>\n\t<meta name=\"robots\" content=\"max-image-preview:large\" \/>\n\t<meta name=\"author\" content=\"nuno vinhas\"\/>\n\t<meta name=\"google-site-verification\" content=\"V-yzxKXBUCATCiI1W_5bHMqCYZQPH0cGOGjcdwe4AHM\" \/>\n\t<link rel=\"canonical\" href=\"https:\/\/garrett.pt\/en\/topo-chiado-lisboa\/\" \/>\n\t<meta name=\"generator\" content=\"All in One SEO Pro (AIOSEO) 4.9.6.2\" \/>\n\t\t<meta property=\"og:locale\" content=\"en_GB\" \/>\n\t\t<meta property=\"og:site_name\" content=\"Garrett Audiovisuais | Projeto e Integra\u00e7\u00e3o de Sistemas Audiovisuais\" \/>\n\t\t<meta property=\"og:type\" content=\"article\" \/>\n\t\t<meta property=\"og:title\" content=\"Topo Chiado, Lisboa | Garrett Audiovisuais\" \/>\n\t\t<meta property=\"og:description\" content=\"2020 - Bar Esplanada Topo Chiado, Lisboa Uma grande esplanada com uma vista panor\u00e2mica sobre Lisboa, o Topo Chiado tem agora um sistema \u00e1udio capaz de cumprir todas as necessidades sonoras deste espa\u00e7o, composto por colunas da s\u00e9rie RCF Compact M, amplifica\u00e7\u00e3o tamb\u00e9m RCF e adi\u00e7\u00e3o de processadores \u00e1udio digitais. A gest\u00e3o e controlo do\" \/>\n\t\t<meta property=\"og:url\" content=\"https:\/\/garrett.pt\/en\/topo-chiado-lisboa\/\" \/>\n\t\t<meta property=\"og:image\" content=\"https:\/\/garrett.pt\/wp-content\/uploads\/2020\/12\/s04-1.png\" \/>\n\t\t<meta property=\"og:image:secure_url\" content=\"https:\/\/garrett.pt\/wp-content\/uploads\/2020\/12\/s04-1.png\" \/>\n\t\t<meta property=\"og:image:width\" content=\"770\" \/>\n\t\t<meta property=\"og:image:height\" content=\"436\" \/>\n\t\t<meta property=\"article:published_time\" content=\"2020-12-03T09:38:46+00:00\" \/>\n\t\t<meta property=\"article:modified_time\" content=\"2024-01-12T15:13:59+00:00\" \/>\n\t\t<meta property=\"article:publisher\" content=\"https:\/\/www.facebook.com\/garrettaudiovisuais\" \/>\n\t\t<meta name=\"twitter:card\" content=\"summary\" \/>\n\t\t<meta name=\"twitter:title\" content=\"Topo Chiado, Lisboa | Garrett Audiovisuais\" \/>\n\t\t<meta name=\"twitter:description\" content=\"2020 - Bar Esplanada Topo Chiado, Lisboa Uma grande esplanada com uma vista panor\u00e2mica sobre Lisboa, o Topo Chiado tem agora um sistema \u00e1udio capaz de cumprir todas as necessidades sonoras deste espa\u00e7o, composto por colunas da s\u00e9rie RCF Compact M, amplifica\u00e7\u00e3o tamb\u00e9m RCF e adi\u00e7\u00e3o de processadores \u00e1udio digitais. A gest\u00e3o e controlo do\" \/>\n\t\t<meta name=\"twitter:image\" content=\"https:\/\/garrett.pt\/wp-content\/uploads\/2020\/12\/s04-1.png\" \/>\n\t\t<script type=\"application\/ld+json\" class=\"aioseo-schema\">\n\t\t\t{\"@context\":\"https:\\\/\\\/schema.org\",\"@graph\":[{\"@type\":\"Article\",\"@id\":\"https:\\\/\\\/garrett.pt\\\/en\\\/topo-chiado-lisboa\\\/#article\",\"name\":\"Topo Chiado, Lisboa | Garrett Audiovisuais\",\"headline\":\"Topo Chiado, Lisboa\",\"author\":{\"@id\":\"https:\\\/\\\/garrett.pt\\\/en\\\/author\\\/nuno\\\/#author\"},\"publisher\":{\"@id\":\"https:\\\/\\\/garrett.pt\\\/en\\\/#organization\"},\"image\":{\"@type\":\"ImageObject\",\"url\":\"https:\\\/\\\/garrett.pt\\\/wp-content\\\/uploads\\\/2020\\\/12\\\/s04-1.png\",\"width\":770,\"height\":436},\"datePublished\":\"2020-12-03T09:38:46+00:00\",\"dateModified\":\"2024-01-12T15:13:59+00:00\",\"inLanguage\":\"en-GB\",\"mainEntityOfPage\":{\"@id\":\"https:\\\/\\\/garrett.pt\\\/en\\\/topo-chiado-lisboa\\\/#webpage\"},\"isPartOf\":{\"@id\":\"https:\\\/\\\/garrett.pt\\\/en\\\/topo-chiado-lisboa\\\/#webpage\"},\"articleSection\":\"Bar, Portfolio, Portfolio+Fornecimentos, RCF, Restaura\\u00e7\\u00e3o, Uncategorized, \\u00e1udio\"},{\"@type\":\"BreadcrumbList\",\"@id\":\"https:\\\/\\\/garrett.pt\\\/en\\\/topo-chiado-lisboa\\\/#breadcrumblist\",\"itemListElement\":[{\"@type\":\"ListItem\",\"@id\":\"https:\\\/\\\/garrett.pt\\\/en#listItem\",\"position\":1,\"name\":\"Home\",\"item\":\"https:\\\/\\\/garrett.pt\\\/en\",\"nextItem\":{\"@type\":\"ListItem\",\"@id\":\"https:\\\/\\\/garrett.pt\\\/en\\\/category\\\/tipologia\\\/#listItem\",\"name\":\"Tipologia\"}},{\"@type\":\"ListItem\",\"@id\":\"https:\\\/\\\/garrett.pt\\\/en\\\/category\\\/tipologia\\\/#listItem\",\"position\":2,\"name\":\"Tipologia\",\"item\":\"https:\\\/\\\/garrett.pt\\\/en\\\/category\\\/tipologia\\\/\",\"nextItem\":{\"@type\":\"ListItem\",\"@id\":\"https:\\\/\\\/garrett.pt\\\/en\\\/category\\\/tipologia\\\/restaurante\\\/#listItem\",\"name\":\"Restaura\\u00e7\\u00e3o\"},\"previousItem\":{\"@type\":\"ListItem\",\"@id\":\"https:\\\/\\\/garrett.pt\\\/en#listItem\",\"name\":\"Home\"}},{\"@type\":\"ListItem\",\"@id\":\"https:\\\/\\\/garrett.pt\\\/en\\\/category\\\/tipologia\\\/restaurante\\\/#listItem\",\"position\":3,\"name\":\"Restaura\\u00e7\\u00e3o\",\"item\":\"https:\\\/\\\/garrett.pt\\\/en\\\/category\\\/tipologia\\\/restaurante\\\/\",\"nextItem\":{\"@type\":\"ListItem\",\"@id\":\"https:\\\/\\\/garrett.pt\\\/en\\\/topo-chiado-lisboa\\\/#listItem\",\"name\":\"Topo Chiado, Lisboa\"},\"previousItem\":{\"@type\":\"ListItem\",\"@id\":\"https:\\\/\\\/garrett.pt\\\/en\\\/category\\\/tipologia\\\/#listItem\",\"name\":\"Tipologia\"}},{\"@type\":\"ListItem\",\"@id\":\"https:\\\/\\\/garrett.pt\\\/en\\\/topo-chiado-lisboa\\\/#listItem\",\"position\":4,\"name\":\"Topo Chiado, Lisboa\",\"previousItem\":{\"@type\":\"ListItem\",\"@id\":\"https:\\\/\\\/garrett.pt\\\/en\\\/category\\\/tipologia\\\/restaurante\\\/#listItem\",\"name\":\"Restaura\\u00e7\\u00e3o\"}}]},{\"@type\":\"Organization\",\"@id\":\"https:\\\/\\\/garrett.pt\\\/en\\\/#organization\",\"name\":\"Garrett Audiovisuais\",\"description\":\"Projeto e Integra\\u00e7\\u00e3o de Sistemas Audiovisuais\",\"url\":\"https:\\\/\\\/garrett.pt\\\/en\\\/\",\"telephone\":\"+351214180134\",\"logo\":{\"@type\":\"ImageObject\",\"url\":\"https:\\\/\\\/garrett.pt\\\/wp-content\\\/uploads\\\/2021\\\/10\\\/1378831_10151703628399331_552396504_n.jpg\",\"@id\":\"https:\\\/\\\/garrett.pt\\\/en\\\/topo-chiado-lisboa\\\/#organizationLogo\",\"width\":650,\"height\":650},\"image\":{\"@id\":\"https:\\\/\\\/garrett.pt\\\/en\\\/topo-chiado-lisboa\\\/#organizationLogo\"},\"sameAs\":[\"https:\\\/\\\/www.facebook.com\\\/garrettaudiovisuais\",\"https:\\\/\\\/www.instagram.com\\\/garrettaudiovisuais\\\/\",\"https:\\\/\\\/www.youtube.com\\\/channel\\\/UCMLMFyCLpAQ3D4cYmzC34PQ\",\"https:\\\/\\\/www.linkedin.com\\\/company\\\/garrett-audiovisuais\",\"https:\\\/\\\/www.threads.net\\\/@garrettaudiovisuais\",\"https:\\\/\\\/bsky.app\\\/profile\\\/garrettsa.bsky.social\"]},{\"@type\":\"Person\",\"@id\":\"https:\\\/\\\/garrett.pt\\\/en\\\/author\\\/nuno\\\/#author\",\"url\":\"https:\\\/\\\/garrett.pt\\\/en\\\/author\\\/nuno\\\/\",\"name\":\"nuno vinhas\",\"image\":{\"@type\":\"ImageObject\",\"@id\":\"https:\\\/\\\/garrett.pt\\\/en\\\/topo-chiado-lisboa\\\/#authorImage\",\"url\":\"https:\\\/\\\/secure.gravatar.com\\\/avatar\\\/bfc37249150232e116bfa3a546dfe2a41ffe7da2e6bf73df5e60ced71075f588?s=96&d=mm&r=g\",\"width\":96,\"height\":96,\"caption\":\"nuno vinhas\"}},{\"@type\":\"WebPage\",\"@id\":\"https:\\\/\\\/garrett.pt\\\/en\\\/topo-chiado-lisboa\\\/#webpage\",\"url\":\"https:\\\/\\\/garrett.pt\\\/en\\\/topo-chiado-lisboa\\\/\",\"name\":\"Topo Chiado, Lisboa | Garrett Audiovisuais\",\"description\":\"2020 - Bar Esplanada Topo Chiado, Lisboa Uma grande esplanada com uma vista panor\\u00e2mica sobre Lisboa, o Topo Chiado tem agora um sistema \\u00e1udio capaz de cumprir todas as necessidades sonoras deste espa\\u00e7o, composto por colunas da s\\u00e9rie RCF Compact M, amplifica\\u00e7\\u00e3o tamb\\u00e9m RCF e adi\\u00e7\\u00e3o de processadores \\u00e1udio digitais. A gest\\u00e3o e controlo do\",\"inLanguage\":\"en-GB\",\"isPartOf\":{\"@id\":\"https:\\\/\\\/garrett.pt\\\/en\\\/#website\"},\"breadcrumb\":{\"@id\":\"https:\\\/\\\/garrett.pt\\\/en\\\/topo-chiado-lisboa\\\/#breadcrumblist\"},\"author\":{\"@id\":\"https:\\\/\\\/garrett.pt\\\/en\\\/author\\\/nuno\\\/#author\"},\"creator\":{\"@id\":\"https:\\\/\\\/garrett.pt\\\/en\\\/author\\\/nuno\\\/#author\"},\"image\":{\"@type\":\"ImageObject\",\"url\":\"https:\\\/\\\/garrett.pt\\\/wp-content\\\/uploads\\\/2020\\\/12\\\/s04-1.png\",\"@id\":\"https:\\\/\\\/garrett.pt\\\/en\\\/topo-chiado-lisboa\\\/#mainImage\",\"width\":770,\"height\":436},\"primaryImageOfPage\":{\"@id\":\"https:\\\/\\\/garrett.pt\\\/en\\\/topo-chiado-lisboa\\\/#mainImage\"},\"datePublished\":\"2020-12-03T09:38:46+00:00\",\"dateModified\":\"2024-01-12T15:13:59+00:00\"},{\"@type\":\"WebSite\",\"@id\":\"https:\\\/\\\/garrett.pt\\\/en\\\/#website\",\"url\":\"https:\\\/\\\/garrett.pt\\\/en\\\/\",\"name\":\"Garrett Audiovisuais\",\"description\":\"Projeto e Integra\\u00e7\\u00e3o de Sistemas Audiovisuais\",\"inLanguage\":\"en-GB\",\"publisher\":{\"@id\":\"https:\\\/\\\/garrett.pt\\\/en\\\/#organization\"}}]}\n\t\t<\/script>\n\t\t<!-- All in One SEO Pro -->\r\n\t\t<title>Topo Chiado, Lisboa | Garrett Audiovisuais<\/title>\n\n","aioseo_head_json":{"title":"Topo Chiado, Lisbon | Garrett Audiovisuals","description":"2020 - Bar Esplanada Topo Chiado, Lisbon A large terrace with panoramic views of Lisbon, Topo Chiado now has an audio system capable of meeting all the sound needs of this space, consisting of RCF Compact M series speakers, RCF amplification, and the addition of digital audio processors. Management and control of the","canonical_url":"https:\/\/garrett.pt\/en\/topo-chiado-lisboa\/","robots":"max-image-preview:large","keywords":"","webmasterTools":{"google-site-verification":"V-yzxKXBUCATCiI1W_5bHMqCYZQPH0cGOGjcdwe4AHM","miscellaneous":""},"schema":{"@context":"https:\/\/schema.org","@graph":[{"@type":"Article","@id":"https:\/\/garrett.pt\/en\/topo-chiado-lisboa\/#article","name":"Topo Chiado, Lisboa | Garrett Audiovisuais","headline":"Topo Chiado, Lisboa","author":{"@id":"https:\/\/garrett.pt\/en\/author\/nuno\/#author"},"publisher":{"@id":"https:\/\/garrett.pt\/en\/#organization"},"image":{"@type":"ImageObject","url":"https:\/\/garrett.pt\/wp-content\/uploads\/2020\/12\/s04-1.png","width":770,"height":436},"datePublished":"2020-12-03T09:38:46+00:00","dateModified":"2024-01-12T15:13:59+00:00","inLanguage":"en-GB","mainEntityOfPage":{"@id":"https:\/\/garrett.pt\/en\/topo-chiado-lisboa\/#webpage"},"isPartOf":{"@id":"https:\/\/garrett.pt\/en\/topo-chiado-lisboa\/#webpage"},"articleSection":"Bar, Portfolio, Portfolio+Fornecimentos, RCF, Restaura\u00e7\u00e3o, Uncategorized, \u00e1udio"},{"@type":"BreadcrumbList","@id":"https:\/\/garrett.pt\/en\/topo-chiado-lisboa\/#breadcrumblist","itemListElement":[{"@type":"ListItem","@id":"https:\/\/garrett.pt\/en#listItem","position":1,"name":"Home","item":"https:\/\/garrett.pt\/en","nextItem":{"@type":"ListItem","@id":"https:\/\/garrett.pt\/en\/category\/tipologia\/#listItem","name":"Tipologia"}},{"@type":"ListItem","@id":"https:\/\/garrett.pt\/en\/category\/tipologia\/#listItem","position":2,"name":"Tipologia","item":"https:\/\/garrett.pt\/en\/category\/tipologia\/","nextItem":{"@type":"ListItem","@id":"https:\/\/garrett.pt\/en\/category\/tipologia\/restaurante\/#listItem","name":"Restaura\u00e7\u00e3o"},"previousItem":{"@type":"ListItem","@id":"https:\/\/garrett.pt\/en#listItem","name":"Home"}},{"@type":"ListItem","@id":"https:\/\/garrett.pt\/en\/category\/tipologia\/restaurante\/#listItem","position":3,"name":"Restaura\u00e7\u00e3o","item":"https:\/\/garrett.pt\/en\/category\/tipologia\/restaurante\/","nextItem":{"@type":"ListItem","@id":"https:\/\/garrett.pt\/en\/topo-chiado-lisboa\/#listItem","name":"Topo Chiado, Lisboa"},"previousItem":{"@type":"ListItem","@id":"https:\/\/garrett.pt\/en\/category\/tipologia\/#listItem","name":"Tipologia"}},{"@type":"ListItem","@id":"https:\/\/garrett.pt\/en\/topo-chiado-lisboa\/#listItem","position":4,"name":"Topo Chiado, Lisboa","previousItem":{"@type":"ListItem","@id":"https:\/\/garrett.pt\/en\/category\/tipologia\/restaurante\/#listItem","name":"Restaura\u00e7\u00e3o"}}]},{"@type":"Organization","@id":"https:\/\/garrett.pt\/en\/#organization","name":"Garrett Audiovisuais","description":"Projeto e Integra\u00e7\u00e3o de Sistemas Audiovisuais","url":"https:\/\/garrett.pt\/en\/","telephone":"+351214180134","logo":{"@type":"ImageObject","url":"https:\/\/garrett.pt\/wp-content\/uploads\/2021\/10\/1378831_10151703628399331_552396504_n.jpg","@id":"https:\/\/garrett.pt\/en\/topo-chiado-lisboa\/#organizationLogo","width":650,"height":650},"image":{"@id":"https:\/\/garrett.pt\/en\/topo-chiado-lisboa\/#organizationLogo"},"sameAs":["https:\/\/www.facebook.com\/garrettaudiovisuais","https:\/\/www.instagram.com\/garrettaudiovisuais\/","https:\/\/www.youtube.com\/channel\/UCMLMFyCLpAQ3D4cYmzC34PQ","https:\/\/www.linkedin.com\/company\/garrett-audiovisuais","https:\/\/www.threads.net\/@garrettaudiovisuais","https:\/\/bsky.app\/profile\/garrettsa.bsky.social"]},{"@type":"Person","@id":"https:\/\/garrett.pt\/en\/author\/nuno\/#author","url":"https:\/\/garrett.pt\/en\/author\/nuno\/","name":"nuno vinhas","image":{"@type":"ImageObject","@id":"https:\/\/garrett.pt\/en\/topo-chiado-lisboa\/#authorImage","url":"https:\/\/secure.gravatar.com\/avatar\/bfc37249150232e116bfa3a546dfe2a41ffe7da2e6bf73df5e60ced71075f588?s=96&d=mm&r=g","width":96,"height":96,"caption":"nuno vinhas"}},{"@type":"WebPage","@id":"https:\/\/garrett.pt\/en\/topo-chiado-lisboa\/#webpage","url":"https:\/\/garrett.pt\/en\/topo-chiado-lisboa\/","name":"Topo Chiado, Lisboa | Garrett Audiovisuais","description":"2020 - Bar Esplanada Topo Chiado, Lisboa Uma grande esplanada com uma vista panor\u00e2mica sobre Lisboa, o Topo Chiado tem agora um sistema \u00e1udio capaz de cumprir todas as necessidades sonoras deste espa\u00e7o, composto por colunas da s\u00e9rie RCF Compact M, amplifica\u00e7\u00e3o tamb\u00e9m RCF e adi\u00e7\u00e3o de processadores \u00e1udio digitais. A gest\u00e3o e controlo do","inLanguage":"en-GB","isPartOf":{"@id":"https:\/\/garrett.pt\/en\/#website"},"breadcrumb":{"@id":"https:\/\/garrett.pt\/en\/topo-chiado-lisboa\/#breadcrumblist"},"author":{"@id":"https:\/\/garrett.pt\/en\/author\/nuno\/#author"},"creator":{"@id":"https:\/\/garrett.pt\/en\/author\/nuno\/#author"},"image":{"@type":"ImageObject","url":"https:\/\/garrett.pt\/wp-content\/uploads\/2020\/12\/s04-1.png","@id":"https:\/\/garrett.pt\/en\/topo-chiado-lisboa\/#mainImage","width":770,"height":436},"primaryImageOfPage":{"@id":"https:\/\/garrett.pt\/en\/topo-chiado-lisboa\/#mainImage"},"datePublished":"2020-12-03T09:38:46+00:00","dateModified":"2024-01-12T15:13:59+00:00"},{"@type":"WebSite","@id":"https:\/\/garrett.pt\/en\/#website","url":"https:\/\/garrett.pt\/en\/","name":"Garrett Audiovisuais","description":"Projeto e Integra\u00e7\u00e3o de Sistemas Audiovisuais","inLanguage":"en-GB","publisher":{"@id":"https:\/\/garrett.pt\/en\/#organization"}}]},"og:locale":"en_GB","og:site_name":"Garrett Audiovisuais | Projeto e Integra\u00e7\u00e3o de Sistemas Audiovisuais","og:type":"article","og:title":"Topo Chiado, Lisboa | Garrett Audiovisuais","og:description":"2020 - Bar Esplanada Topo Chiado, Lisboa Uma grande esplanada com uma vista panor\u00e2mica sobre Lisboa, o Topo Chiado tem agora um sistema \u00e1udio capaz de cumprir todas as necessidades sonoras deste espa\u00e7o, composto por colunas da s\u00e9rie RCF Compact M, amplifica\u00e7\u00e3o tamb\u00e9m RCF e adi\u00e7\u00e3o de processadores \u00e1udio digitais. A gest\u00e3o e controlo do","og:url":"https:\/\/garrett.pt\/en\/topo-chiado-lisboa\/","og:image":"https:\/\/garrett.pt\/wp-content\/uploads\/2020\/12\/s04-1.png","og:image:secure_url":"https:\/\/garrett.pt\/wp-content\/uploads\/2020\/12\/s04-1.png","og:image:width":770,"og:image:height":436,"article:published_time":"2020-12-03T09:38:46+00:00","article:modified_time":"2024-01-12T15:13:59+00:00","article:publisher":"https:\/\/www.facebook.com\/garrettaudiovisuais","twitter:card":"summary","twitter:title":"Topo Chiado, Lisboa | Garrett Audiovisuais","twitter:description":"2020 - Bar Esplanada Topo Chiado, Lisboa Uma grande esplanada com uma vista panor\u00e2mica sobre Lisboa, o Topo Chiado tem agora um sistema \u00e1udio capaz de cumprir todas as necessidades sonoras deste espa\u00e7o, composto por colunas da s\u00e9rie RCF Compact M, amplifica\u00e7\u00e3o tamb\u00e9m RCF e adi\u00e7\u00e3o de processadores \u00e1udio digitais. A gest\u00e3o e controlo do","twitter:image":"https:\/\/garrett.pt\/wp-content\/uploads\/2020\/12\/s04-1.png"},"aioseo_meta_data":{"post_id":"9769","title":null,"description":null,"keywords":[],"keyphrases":{"focus":{"keyphrase":"","score":0,"analysis":{"keyphraseInTitle":{"score":0,"maxScore":9,"error":1}}},"additional":[]},"primary_term":null,"canonical_url":null,"og_title":null,"og_description":null,"og_object_type":"default","og_image_type":"default","og_image_url":null,"og_image_width":null,"og_image_height":null,"og_image_custom_url":null,"og_image_custom_fields":null,"og_video":"","og_custom_url":null,"og_article_section":null,"og_article_tags":[],"twitter_use_og":false,"twitter_card":"default","twitter_image_type":"default","twitter_image_url":null,"twitter_image_custom_url":null,"twitter_image_custom_fields":null,"twitter_title":null,"twitter_description":null,"schema":{"blockGraphs":[],"customGraphs":[],"default":{"data":{"Article":[],"Course":[],"Dataset":[],"FAQPage":[],"Movie":[],"Person":[],"Product":[],"ProductReview":[],"Car":[],"Recipe":[],"Service":[],"SoftwareApplication":[],"WebPage":[]},"graphName":"","isEnabled":true},"graphs":[]},"schema_type":"default","schema_type_options":"{\"article\":{\"articleType\":\"BlogPosting\"},\"course\":{\"name\":\"\",\"description\":\"\",\"provider\":\"\"},\"faq\":{\"pages\":[]},\"product\":{\"reviews\":[]},\"recipe\":{\"ingredients\":[],\"instructions\":[],\"keywords\":[]},\"software\":{\"reviews\":[],\"operatingSystems\":[]},\"webPage\":{\"webPageType\":\"WebPage\"}}","pillar_content":false,"robots_default":true,"robots_noindex":false,"robots_noarchive":false,"robots_nosnippet":false,"robots_nofollow":false,"robots_noimageindex":false,"robots_noodp":false,"robots_notranslate":false,"robots_max_snippet":"-1","robots_max_videopreview":"-1","robots_max_imagepreview":"large","priority":null,"frequency":"default","local_seo":null,"seo_analyzer_scan_date":"2025-08-20 17:40:11","breadcrumb_settings":null,"limit_modified_date":false,"reviewed_by":null,"open_ai":null,"ai":null,"created":"2021-09-22 12:09:20","updated":"2025-08-20 17:40:11"},"aioseo_breadcrumb":"<div class=\"aioseo-breadcrumbs\"><span class=\"aioseo-breadcrumb\">\n\t<a href=\"https:\/\/garrett.pt\/en\" title=\"Home\">Home<\/a>\n<\/span><span class=\"aioseo-breadcrumb-separator\">&raquo;<\/span><span class=\"aioseo-breadcrumb\">\n\t<a href=\"https:\/\/garrett.pt\/en\/category\/tipologia\/\" title=\"Tipologia\">Tipologia<\/a>\n<\/span><span class=\"aioseo-breadcrumb-separator\">&raquo;<\/span><span class=\"aioseo-breadcrumb\">\n\t<a href=\"https:\/\/garrett.pt\/en\/category\/tipologia\/restaurante\/\" title=\"Restaura\u00e7\u00e3o\">Restaura\u00e7\u00e3o<\/a>\n<\/span><span class=\"aioseo-breadcrumb-separator\">&raquo;<\/span><span class=\"aioseo-breadcrumb\">\n\tTopo Chiado, Lisboa\n<\/span><\/div>","aioseo_breadcrumb_json":[{"label":"Home","link":"https:\/\/garrett.pt\/en"},{"label":"Tipologia","link":"https:\/\/garrett.pt\/en\/category\/tipologia\/"},{"label":"Restaura\u00e7\u00e3o","link":"https:\/\/garrett.pt\/en\/category\/tipologia\/restaurante\/"},{"label":"Topo Chiado, Lisboa","link":"https:\/\/garrett.pt\/en\/topo-chiado-lisboa\/"}],"_links":{"self":[{"href":"https:\/\/garrett.pt\/en\/wp-json\/wp\/v2\/posts\/9769","targetHints":{"allow":["GET"]}}],"collection":[{"href":"https:\/\/garrett.pt\/en\/wp-json\/wp\/v2\/posts"}],"about":[{"href":"https:\/\/garrett.pt\/en\/wp-json\/wp\/v2\/types\/post"}],"author":[{"embeddable":true,"href":"https:\/\/garrett.pt\/en\/wp-json\/wp\/v2\/users\/11"}],"replies":[{"embeddable":true,"href":"https:\/\/garrett.pt\/en\/wp-json\/wp\/v2\/comments?post=9769"}],"version-history":[{"count":0,"href":"https:\/\/garrett.pt\/en\/wp-json\/wp\/v2\/posts\/9769\/revisions"}],"wp:featuredmedia":[{"embeddable":true,"href":"https:\/\/garrett.pt\/en\/wp-json\/wp\/v2\/media\/9771"}],"wp:attachment":[{"href":"https:\/\/garrett.pt\/en\/wp-json\/wp\/v2\/media?parent=9769"}],"wp:term":[{"taxonomy":"category","embeddable":true,"href":"https:\/\/garrett.pt\/en\/wp-json\/wp\/v2\/categories?post=9769"},{"taxonomy":"post_tag","embeddable":true,"href":"https:\/\/garrett.pt\/en\/wp-json\/wp\/v2\/tags?post=9769"}],"curies":[{"name":"wp","href":"https:\/\/api.w.org\/{rel}","templated":true}]}}